{"id":2437,"date":"2021-01-05T23:22:08","date_gmt":"2021-01-05T23:22:08","guid":{"rendered":"https:\/\/biotechsa.com\/2\/?p=2437"},"modified":"2026-03-10T12:59:35","modified_gmt":"2026-03-10T18:59:35","slug":"6-de-enero-dia-de-la-enfermera","status":"publish","type":"post","link":"https:\/\/biotechsa.com\/2\/noticias\/6-de-enero-dia-de-la-enfermera\/","title":{"rendered":"6 de enero D\u00eda de la Enfermera"},"content":{"rendered":"<div class=\"et_pb_section_0 et_pb_section et_section_regular et_block_section\"><div class=\"et_pb_row_0 et_pb_row et_block_row\"><div class=\"et_pb_column_0 et_pb_column et_pb_column_4_4 et-last-child et_block_column et_pb_css_mix_blend_mode_passthrough\"><div class=\"et_pb_image_0 et_pb_image et_pb_module et_block_module\"><span class=\"et_pb_image_wrap\"><img decoding=\"async\" src=\"https:\/\/photos.app.goo.gl\/YEFVye1Uq7DTcbdd9\" \/><\/span><\/div><div class=\"et_pb_text_0 et_pb_text et_pb_bg_layout_light et_pb_module et_block_module\"><div class=\"et_pb_text_inner\"><div class=\"field field-name-field-sinopsis field-type-text field-label-hidden\"><\/div>\n<div class=\"field field-name-field-sinopsis field-type-text field-label-hidden\">\n<div class=\"field-items\">\n<div class=\"field-item even\" style=\"text-align: justify;\"><span style=\"font-size: 14px;\">Felicidades a todas las enfermeras y enfermeros que dan su tiempo para dar calidad y calidez a los pacientes.<\/span><\/div>\n<\/div>\n<\/div>\n<div class=\"field field-name-field-cuerpo field-type-text-with-summary field-label-hidden\">\n<div class=\"field-items\">\n<div class=\"field-item even\">\n<p style=\"text-align: justify;\">\n<p style=\"text-align: justify;\">El 6 de enero se celebra en M\u00e9xico el D\u00eda de la Enfermera, en virtud de que el m\u00e9dico Jos\u00e9 Castro Villagrana, director del Hospital Ju\u00e1rez de M\u00e9xico, lo instituy\u00f3 en 1931. Villagrana calific\u00f3 la presencia de las enfermeras como un \u201cregalo de reyes\u201d para los pacientes.<\/p>\n<p style=\"text-align: justify;\">&#8220;Prestar ayuda y cuidados a una persona enferma en cuerpo o alma es estar eternamente al servicio de Dios&#8221;<br \/> Probablemente esta frase no tenga sentido para todos nosotros, pero cuando alguien se ha sentido enfermo de seguro ha valorado mucho a la persona que le ha dado una palabra de aliento o su simple compa\u00f1\u00eda y al interpretar estos sentimientos de seguro esto se convierte en una realidad.<\/p>\n<p style=\"text-align: justify;\">La tarea de la enfermera es ardua, a veces poco reconocida, pero esta profesi\u00f3n les ofrece un gran prestigio, mas no ganancias enormes, aunque saben que se lo merecen. Pero el afecto y el agradecimiento de sus pacientes de seguro las hace sentir grandes y pagadas de sobra.<\/p>\n<p style=\"text-align: justify;\">El Centro Universitario de Ciencias de la Salud celebra junto con todo el personal a las enfermeras y enfermeros en su d\u00eda.<br \/> \u00a1Felicidades!<\/p>\n<\/div>\n<\/div>\n<\/div>\n<\/div><\/div><\/div><\/div><\/div><div class=\"et_pb_section_1 et_pb_section et_section_regular et_block_section\"><div class=\"et_pb_row_1 et_pb_row et_block_row\"><div class=\"et_pb_column_1 et_pb_column et_pb_column_4_4 et-last-child et_block_column et_pb_css_mix_blend_mode_passthrough\"><div class=\"et_pb_code_0 et_pb_code et_pb_module\"><div class=\"et_pb_code_inner\"><!-- Begin Mailchimp Signup Form -->\n<link href=\"\/\/cdn-images.mailchimp.com\/embedcode\/slim-10_7.css\" rel=\"stylesheet\" type=\"text\/css\">\n<style type=\"text\/css\">\n\t#mc_embed_signup{background:#aec7ff; clear:left; font:14px Helvetica,Arial,sans-serif; }\n\t\/* Add your own Mailchimp form style overrides in your site stylesheet or in this style block.\n\t   We recommend moving this block and the preceding CSS link to the HEAD of your HTML file. *\/\n<\/style>\n<div id=\"mc_embed_signup\">\n<form action=\"https:\/\/biotechsa.us20.list-manage.com\/subscribe\/post?u=8ea663bff4a97c9e57969f325&#038;id=75db4c7051\" method=\"post\" id=\"mc-embedded-subscribe-form\" name=\"mc-embedded-subscribe-form\" class=\"validate\" target=\"_blank\" novalidate>\n    <div id=\"mc_embed_signup_scroll\">\n\t<label for=\"mce-EMAIL\">Suscribete y recibe en tu correo noticias relevantes y ofertas especiales de nuestros productos<\/label>\n\t<input type=\"email\" value=\"\" name=\"EMAIL\" class=\"email\" id=\"mce-EMAIL\" placeholder=\"email address\" required>\n    <!-- real people should not fill this in and expect good things - do not remove this or risk form bot signups-->\n    <div style=\"position: absolute; left: -5000px;\" aria-hidden=\"true\"><input type=\"text\" name=\"b_8ea663bff4a97c9e57969f325_75db4c7051\" tabindex=\"-1\" value=\"\"><\/div>\n    <div class=\"clear\"><input type=\"submit\" value=\"Subscribe\" name=\"subscribe\" id=\"mc-embedded-subscribe\" class=\"button\"><\/div>\n    <\/div>\n<\/form>\n<\/div>\n\n<!--End mc_embed_signup--><\/div><\/div><\/div><\/div><\/div><div class=\"et_pb_section_2 et_pb_section et_section_regular et_block_section\"><div class=\"et_pb_row_2 et_pb_row et_block_row\"><div class=\"et_pb_column_2 et_pb_column et_pb_column_1_2 et_block_column et_pb_css_mix_blend_mode_passthrough\"><div class=\"et_pb_post_slider_0 et_pb_post_slider et_pb_bg_layout_dark et_pb_slider et_pb_slider_fullwidth_off et_pb_post_slider_image_background et_pb_slider_with_overlay et_pb_module et_block_module\"><div class=\"et_pb_slides\"><div class=\"et_pb_slide et_pb_post_slide-2937\" style=\"background-image:url(https:\/\/biotechsa.com\/2\/wp-content\/uploads\/2021\/03\/WEBINAR-Dr.-Kleck-nos-hablara-sobre-La-evaluacion-y-el-manejo-Mexico.png)\"><div class=\"et_pb_slide_overlay_container\"><\/div><div class=\"et_pb_container clearfix\"><div class=\"et_pb_slider_container_inner\"><div class=\"et_pb_slide_description\"><h2 class=\"et_pb_slide_title\"><a href=\"https:\/\/biotechsa.com\/2\/noticias\/webinar-la-evaluacion-y-el-manejo-de-la-infeccion-espinal-dr-christopher-kleck\/\">WEBINAR &#8220;La evaluaci\u00f3n y el manejo de la infecci\u00f3n espinal&#8221; &#8211;  Dr. Christopher Kleck<\/a><\/h2><div class=\"et_pb_slide_content\"><p class=\"post-meta\">by <span class=\"author vcard\"><a href=\"https:\/\/biotechsa.com\/2\/author\/biotechsa\/\" title=\"Posts by Biotechsa\" rel=\"author\">Biotechsa<\/a><\/span> | <span class=\"published\">marzo 16, 2021<\/span> | <a href=\"https:\/\/biotechsa.com\/2\/category\/noticias\/\" rel=\"category tag\">Noticias<\/a> | 0 Comments<\/p><div class=\"et_pb_slide_content_body\"><p>\u00danase a nosotros mientras presentamos al Dr&#8230;.<\/p>\n<\/div><\/div><div class=\"et_pb_button_wrapper\"><a class=\"et_pb_button et_pb_more_button\" href=\"https:\/\/biotechsa.com\/2\/noticias\/webinar-la-evaluacion-y-el-manejo-de-la-infeccion-espinal-dr-christopher-kleck\/\">M\u00e1s informaci\u00f3n<\/a><\/div><\/div><\/div><\/div><\/div><div class=\"et_pb_slide et_pb_post_slide-1823\" style=\"background-image:url(https:\/\/biotechsa.com\/2\/wp-content\/uploads\/2020\/09\/Interview-with-Dr.-Elizabeth-McGlynn-on-why-efforts-to-improve-health-care-quality-have-often-been-unsuccessful-and-where-we-can-go-from-here..jpg)\"><div class=\"et_pb_slide_overlay_container\"><\/div><div class=\"et_pb_container clearfix\"><div class=\"et_pb_slider_container_inner\"><div class=\"et_pb_slide_description\"><h2 class=\"et_pb_slide_title\"><a href=\"https:\/\/biotechsa.com\/2\/noticias\/interview-with-dr-elizabeth-mcglynn-on-why-efforts-to-improve-health-care-quality-have-often-been-unsuccessful-and-where-we-can-go-from-here\/\">Interview with Dr. Elizabeth McGlynn on why efforts to improve health care quality have often been unsuccessful and where we can go from here.<\/a><\/h2><div class=\"et_pb_slide_content\"><p class=\"post-meta\">by <span class=\"author vcard\"><a href=\"https:\/\/biotechsa.com\/2\/author\/biotechsa\/\" title=\"Posts by Biotechsa\" rel=\"author\">Biotechsa<\/a><\/span> | <span class=\"published\">septiembre 10, 2020<\/span> | <a href=\"https:\/\/biotechsa.com\/2\/category\/noticias\/\" rel=\"category tag\">Noticias<\/a>, <a href=\"https:\/\/biotechsa.com\/2\/category\/webinar\/entrevistas\/\" rel=\"category tag\">Entrevistas (Audio)<\/a> | 0 Comments<\/p><div class=\"et_pb_slide_content_body\"><p>Elizabeth McGlynn is vice president at Kaiser&#8230;<\/p>\n<\/div><\/div><div class=\"et_pb_button_wrapper\"><a class=\"et_pb_button et_pb_more_button\" href=\"https:\/\/biotechsa.com\/2\/noticias\/interview-with-dr-elizabeth-mcglynn-on-why-efforts-to-improve-health-care-quality-have-often-been-unsuccessful-and-where-we-can-go-from-here\/\">M\u00e1s informaci\u00f3n<\/a><\/div><\/div><\/div><\/div><\/div><div class=\"et_pb_slide et_pb_post_slide-5154\" style=\"background-image:url(https:\/\/biotechsa.com\/2\/wp-content\/uploads\/2022\/05\/La-OMS-publica-el-primer-informe-mundial-sobre-prevencion-y-control-de-infecciones-biotechsa.png)\"><div class=\"et_pb_slide_overlay_container\"><\/div><div class=\"et_pb_container clearfix\"><div class=\"et_pb_slider_container_inner\"><div class=\"et_pb_slide_description\"><h2 class=\"et_pb_slide_title\"><a href=\"https:\/\/biotechsa.com\/2\/noticias\/who-launches-first-ever-global-report-on-infection-prevention-and-control\/\">WHO launches first ever global report on infection prevention and control<\/a><\/h2><div class=\"et_pb_slide_content\"><p class=\"post-meta\">by <span class=\"author vcard\"><a href=\"https:\/\/biotechsa.com\/2\/author\/biotechsa\/\" title=\"Posts by Biotechsa\" rel=\"author\">Biotechsa<\/a><\/span> | <span class=\"published\">mayo 26, 2022<\/span> | <a href=\"https:\/\/biotechsa.com\/2\/category\/noticias\/\" rel=\"category tag\">Noticias<\/a> | 0 Comments<\/p><div class=\"et_pb_slide_content_body\"><p>WHO launches first ever global report on&#8230;<\/p>\n<\/div><\/div><div class=\"et_pb_button_wrapper\"><a class=\"et_pb_button et_pb_more_button\" href=\"https:\/\/biotechsa.com\/2\/noticias\/who-launches-first-ever-global-report-on-infection-prevention-and-control\/\">M\u00e1s informaci\u00f3n<\/a><\/div><\/div><\/div><\/div><\/div><div class=\"et_pb_slide et_pb_post_slide-2242\" style=\"background-image:url(https:\/\/biotechsa.com\/2\/wp-content\/uploads\/2020\/11\/Entrevista-con-la-Dra.-Elizabeth-Rourke-sobre-la-practica-de-la-atencion-primaria-a-traves-de-Internet-durante-la-pandemia-de-Covid-19..jpg)\"><div class=\"et_pb_slide_overlay_container\"><\/div><div class=\"et_pb_container clearfix\"><div class=\"et_pb_slider_container_inner\"><div class=\"et_pb_slide_description\"><h2 class=\"et_pb_slide_title\"><a href=\"https:\/\/biotechsa.com\/2\/noticias\/interview-with-dr-elizabeth-rourke-on-practicing-primary-care-over-the-internet-during-the-covid-19-pandemic\/\">Interview with Dr. Elizabeth Rourke on practicing primary care over the Internet during the Covid-19 pandemic.<\/a><\/h2><div class=\"et_pb_slide_content\"><p class=\"post-meta\">by <span class=\"author vcard\"><a href=\"https:\/\/biotechsa.com\/2\/author\/biotechsa\/\" title=\"Posts by Biotechsa\" rel=\"author\">Biotechsa<\/a><\/span> | <span class=\"published\">noviembre 19, 2020<\/span> | <a href=\"https:\/\/biotechsa.com\/2\/category\/noticias\/\" rel=\"category tag\">Noticias<\/a>, <a href=\"https:\/\/biotechsa.com\/2\/category\/webinar\/entrevistas\/\" rel=\"category tag\">Entrevistas (Audio)<\/a> | 0 Comments<\/p><div class=\"et_pb_slide_content_body\"><p>Linda McCauley is dean of the Emory University&#8230;<\/p>\n<\/div><\/div><div class=\"et_pb_button_wrapper\"><a class=\"et_pb_button et_pb_more_button\" href=\"https:\/\/biotechsa.com\/2\/noticias\/interview-with-dr-elizabeth-rourke-on-practicing-primary-care-over-the-internet-during-the-covid-19-pandemic\/\">M\u00e1s informaci\u00f3n<\/a><\/div><\/div><\/div><\/div><\/div><div class=\"et_pb_slide et_pb_post_slide-2372\" style=\"background-image:url(https:\/\/biotechsa.com\/2\/wp-content\/uploads\/2020\/12\/Anti-antibiotic-allows-for-use-of-antibiotics-without-driving-resistance.jpg)\"><div class=\"et_pb_slide_overlay_container\"><\/div><div class=\"et_pb_container clearfix\"><div class=\"et_pb_slider_container_inner\"><div class=\"et_pb_slide_description\"><h2 class=\"et_pb_slide_title\"><a href=\"https:\/\/biotechsa.com\/2\/noticias\/anti-antibiotic-allows-for-use-of-antibiotics-without-driving-resistance\/\">&#8216;Anti-antibiotic&#8217; allows for use of antibiotics without driving resistance<\/a><\/h2><div class=\"et_pb_slide_content\"><p class=\"post-meta\">by <span class=\"author vcard\"><a href=\"https:\/\/biotechsa.com\/2\/author\/biotechsa\/\" title=\"Posts by Biotechsa\" rel=\"author\">Biotechsa<\/a><\/span> | <span class=\"published\">diciembre 10, 2020<\/span> | <a href=\"https:\/\/biotechsa.com\/2\/category\/noticias\/\" rel=\"category tag\">Noticias<\/a> | 0 Comments<\/p><div class=\"et_pb_slide_content_body\"><p>ScienceDaily recently reported on the promising&#8230;<\/p>\n<\/div><\/div><div class=\"et_pb_button_wrapper\"><a class=\"et_pb_button et_pb_more_button\" href=\"https:\/\/biotechsa.com\/2\/noticias\/anti-antibiotic-allows-for-use-of-antibiotics-without-driving-resistance\/\">M\u00e1s informaci\u00f3n<\/a><\/div><\/div><\/div><\/div><\/div><div class=\"et_pb_slide et_pb_post_slide-1440\" style=\"background-image:url(https:\/\/biotechsa.com\/2\/wp-content\/uploads\/2020\/06\/El-estilo-de-vida-bacteriano-altera-la-evoluci\u00f3n-de-la-resistencia-a-los-antibi\u00f3ticos..jpg)\"><div class=\"et_pb_slide_overlay_container\"><\/div><div class=\"et_pb_container clearfix\"><div class=\"et_pb_slider_container_inner\"><div class=\"et_pb_slide_description\"><h2 class=\"et_pb_slide_title\"><a href=\"https:\/\/biotechsa.com\/2\/noticias\/el-estilo-de-vida-bacteriano-altera-la-evolucion-de-la-resistencia-a-los-antibioticos\/\">El estilo de vida bacteriano altera la evoluci\u00f3n de la resistencia a los antibi\u00f3ticos.<\/a><\/h2><div class=\"et_pb_slide_content\"><p class=\"post-meta\">by <span class=\"author vcard\"><a href=\"https:\/\/biotechsa.com\/2\/author\/biotechsa\/\" title=\"Posts by Biotechsa\" rel=\"author\">Biotechsa<\/a><\/span> | <span class=\"published\">junio 17, 2020<\/span> | <a href=\"https:\/\/biotechsa.com\/2\/category\/noticias\/\" rel=\"category tag\">Noticias<\/a> | 0 Comments<\/p><div class=\"et_pb_slide_content_body\"><p>Investigadores de la Facultad de Medicina de la&#8230;<\/p>\n<\/div><\/div><div class=\"et_pb_button_wrapper\"><a class=\"et_pb_button et_pb_more_button\" href=\"https:\/\/biotechsa.com\/2\/noticias\/el-estilo-de-vida-bacteriano-altera-la-evolucion-de-la-resistencia-a-los-antibioticos\/\">M\u00e1s informaci\u00f3n<\/a><\/div><\/div><\/div><\/div><\/div><div class=\"et_pb_slide et_pb_post_slide-238398\" style=\"background-image:url(https:\/\/biotechsa.com\/2\/wp-content\/uploads\/2026\/04\/Dormir-mal.jpg)\"><div class=\"et_pb_slide_overlay_container\"><\/div><div class=\"et_pb_container clearfix\"><div class=\"et_pb_slider_container_inner\"><div class=\"et_pb_slide_description\"><h2 class=\"et_pb_slide_title\"><a href=\"https:\/\/biotechsa.com\/2\/noticias\/dormir-menos-de-8-hrs-dana-tu-corazon\/\">Dormir menos de 8 horas puede da\u00f1ar tu coraz\u00f3n: esto necesitas saber<\/a><\/h2><div class=\"et_pb_slide_content\"><p class=\"post-meta\">by <span class=\"author vcard\"><a href=\"https:\/\/biotechsa.com\/2\/author\/paola\/\" title=\"Posts by Paola Gonz\u00e1lez\" rel=\"author\">Paola Gonz\u00e1lez<\/a><\/span> | <span class=\"published\">abril 8, 2026<\/span> | <a href=\"https:\/\/biotechsa.com\/2\/category\/medicina-y-salud\/\" rel=\"category tag\">Medicina y Salud<\/a>, <a href=\"https:\/\/biotechsa.com\/2\/category\/noticias\/\" rel=\"category tag\">Noticias<\/a> | 0 Comments<\/p><div class=\"et_pb_slide_content_body\"><p>Dormir las horas adecuadas es fundamental para&#8230;<\/p>\n<\/div><\/div><div class=\"et_pb_button_wrapper\"><a class=\"et_pb_button et_pb_more_button\" href=\"https:\/\/biotechsa.com\/2\/noticias\/dormir-menos-de-8-hrs-dana-tu-corazon\/\">M\u00e1s informaci\u00f3n<\/a><\/div><\/div><\/div><\/div><\/div><div class=\"et_pb_slide et_pb_post_slide-3114\" style=\"background-image:url(https:\/\/biotechsa.com\/2\/wp-content\/uploads\/2021\/04\/LIVE-WEBINAR-Viernes-22-de-mayo-2020-Mexico-_-8_00-AM-CMT.png)\"><div class=\"et_pb_slide_overlay_container\"><\/div><div class=\"et_pb_container clearfix\"><div class=\"et_pb_slider_container_inner\"><div class=\"et_pb_slide_description\"><h2 class=\"et_pb_slide_title\"><a href=\"https:\/\/biotechsa.com\/2\/noticias\/webinar-local-antibiotic-carrier-for-the-management-of-spine-infections\/\">Webinar: Local Antibiotic Carrier for the Management of Spine Infections<\/a><\/h2><div class=\"et_pb_slide_content\"><p class=\"post-meta\">by <span class=\"author vcard\"><a href=\"https:\/\/biotechsa.com\/2\/author\/biotechsa\/\" title=\"Posts by Biotechsa\" rel=\"author\">Biotechsa<\/a><\/span> | <span class=\"published\">abril 7, 2021<\/span> | <a href=\"https:\/\/biotechsa.com\/2\/category\/noticias\/\" rel=\"category tag\">Noticias<\/a> | 0 Comments<\/p><div class=\"et_pb_slide_content_body\"><p>Tema &nbsp; Webinar: Local Antibiotic Carrier&#8230;<\/p>\n<\/div><\/div><div class=\"et_pb_button_wrapper\"><a class=\"et_pb_button et_pb_more_button\" href=\"https:\/\/biotechsa.com\/2\/noticias\/webinar-local-antibiotic-carrier-for-the-management-of-spine-infections\/\">M\u00e1s informaci\u00f3n<\/a><\/div><\/div><\/div><\/div><\/div><div class=\"et_pb_slide et_pb_post_slide-4636\" style=\"background-image:url(https:\/\/biotechsa.com\/2\/wp-content\/uploads\/2022\/05\/IMAGEN-BLOG-1.png)\"><div class=\"et_pb_slide_overlay_container\"><\/div><div class=\"et_pb_container clearfix\"><div class=\"et_pb_slider_container_inner\"><div class=\"et_pb_slide_description\"><h2 class=\"et_pb_slide_title\"><a href=\"https:\/\/biotechsa.com\/2\/noticias\/national-diabetes-foot-care-report\/\">National Diabetes Foot Care Report<\/a><\/h2><div class=\"et_pb_slide_content\"><p class=\"post-meta\">by <span class=\"author vcard\"><a href=\"https:\/\/biotechsa.com\/2\/author\/biotechsa\/\" title=\"Posts by Biotechsa\" rel=\"author\">Biotechsa<\/a><\/span> | <span class=\"published\">mayo 6, 2022<\/span> | <a href=\"https:\/\/biotechsa.com\/2\/category\/noticias\/\" rel=\"category tag\">Noticias<\/a> | 0 Comments<\/p><div class=\"et_pb_slide_content_body\"><p>National Diabetes Foot Care Report The National&#8230;<\/p>\n<\/div><\/div><div class=\"et_pb_button_wrapper\"><a class=\"et_pb_button et_pb_more_button\" href=\"https:\/\/biotechsa.com\/2\/noticias\/national-diabetes-foot-care-report\/\">M\u00e1s informaci\u00f3n<\/a><\/div><\/div><\/div><\/div><\/div><div class=\"et_pb_slide et_pb_post_slide-2090\" style=\"background-image:url(https:\/\/biotechsa.com\/2\/wp-content\/uploads\/2020\/10\/New-approach-may-give-new-life-to-old-antibiotic-Biotechsa.jpg)\"><div class=\"et_pb_slide_overlay_container\"><\/div><div class=\"et_pb_container clearfix\"><div class=\"et_pb_slider_container_inner\"><div class=\"et_pb_slide_description\"><h2 class=\"et_pb_slide_title\"><a href=\"https:\/\/biotechsa.com\/2\/noticias\/new-approach-may-give-new-life-to-old-antibiotic\/\">New approach may give new life to old antibiotic<\/a><\/h2><div class=\"et_pb_slide_content\"><p class=\"post-meta\">by <span class=\"author vcard\"><a href=\"https:\/\/biotechsa.com\/2\/author\/biotechsa\/\" title=\"Posts by Biotechsa\" rel=\"author\">Biotechsa<\/a><\/span> | <span class=\"published\">octubre 15, 2020<\/span> | <a href=\"https:\/\/biotechsa.com\/2\/category\/noticias\/\" rel=\"category tag\">Noticias<\/a> | 0 Comments<\/p><div class=\"et_pb_slide_content_body\"><p>Medical News Today recently featured a study&#8230;<\/p>\n<\/div><\/div><div class=\"et_pb_button_wrapper\"><a class=\"et_pb_button et_pb_more_button\" href=\"https:\/\/biotechsa.com\/2\/noticias\/new-approach-may-give-new-life-to-old-antibiotic\/\">M\u00e1s informaci\u00f3n<\/a><\/div><\/div><\/div><\/div><\/div><\/div><\/div><\/div><div class=\"et_pb_column_3 et_pb_column et_pb_column_1_2 et-last-child et_block_column et_pb_css_mix_blend_mode_passthrough\"><div class=\"et_pb_post_slider_1 et_pb_post_slider et_pb_bg_layout_dark et_pb_slider et_pb_slider_fullwidth_off et_pb_post_slider_image_background et_pb_slider_with_overlay et_pb_module et_block_module\"><div class=\"et_pb_slides\"><div class=\"et_pb_slide et_pb_post_slide-5224\" style=\"background-image:url(https:\/\/biotechsa.com\/2\/wp-content\/uploads\/2022\/06\/Prevencion-de-biopeliculas-y-eliminacion-de-patogenos-bacterianos-Gram-positivos-involucrados-en-PJI-mediante-perlas-de-sulfato-de-calcio-cargadas-con-antibioticos-biotechsa.png)\"><div class=\"et_pb_slide_overlay_container\"><\/div><div class=\"et_pb_container clearfix\"><div class=\"et_pb_slider_container_inner\"><div class=\"et_pb_slide_description\"><h2 class=\"et_pb_slide_title\"><a href=\"https:\/\/biotechsa.com\/2\/articulos-cientificos\/articulos-stimulan\/prevencion-de-biopeliculas-y-eliminacion-de-patogenos-bacterianos-gram-positivos-involucrados-en-pji-mediante-perlas-de-sulfato-de-calcio-cargadas-con-antibioticos\/\">Prevenci\u00f3n de biopel\u00edculas y eliminaci\u00f3n de pat\u00f3genos bacterianos Gram-positivos involucrados en PJI mediante perlas de sulfato de calcio cargadas con antibi\u00f3ticos<\/a><\/h2><div class=\"et_pb_slide_content\"><p class=\"post-meta\">by <span class=\"author vcard\"><a href=\"https:\/\/biotechsa.com\/2\/author\/biotechsa\/\" title=\"Posts by Biotechsa\" rel=\"author\">Biotechsa<\/a><\/span> | <span class=\"published\">junio 30, 2022<\/span> | <a href=\"https:\/\/biotechsa.com\/2\/category\/articulos-cientificos\/articulos-stimulan\/\" rel=\"category tag\">Art\u00edculos STIMULAN<\/a>, <a href=\"https:\/\/biotechsa.com\/2\/category\/articulos-cientificos\/\" rel=\"category tag\">Art\u00edculos Cient\u00edficos<\/a> | 0 Comments<\/p><div class=\"et_pb_slide_content_body\"><p>Prevencion-de-biopeliculas-y-e&#8230;<\/p>\n<\/div><\/div><div class=\"et_pb_button_wrapper\"><a class=\"et_pb_button et_pb_more_button\" href=\"https:\/\/biotechsa.com\/2\/articulos-cientificos\/articulos-stimulan\/prevencion-de-biopeliculas-y-eliminacion-de-patogenos-bacterianos-gram-positivos-involucrados-en-pji-mediante-perlas-de-sulfato-de-calcio-cargadas-con-antibioticos\/\">Read More<\/a><\/div><\/div><\/div><\/div><\/div><div class=\"et_pb_slide et_pb_post_slide-9419\" style=\"background-image:url(https:\/\/biotechsa.com\/2\/wp-content\/uploads\/2025\/04\/Columna-Vertb.png)\"><div class=\"et_pb_slide_overlay_container\"><\/div><div class=\"et_pb_container clearfix\"><div class=\"et_pb_slider_container_inner\"><div class=\"et_pb_slide_description\"><h2 class=\"et_pb_slide_title\"><a href=\"https:\/\/biotechsa.com\/2\/articulos-cientificos\/articulos-genex\/manejo-preventivo-de-la-vertebra-sandwich-una-estrategia-eficaz-en-osteoporosis-avanzada\/\">Manejo preventivo de la v\u00e9rtebra s\u00e1ndwich: una estrategia eficaz en osteoporosis avanzada<\/a><\/h2><div class=\"et_pb_slide_content\"><p class=\"post-meta\">by <span class=\"author vcard\"><a href=\"https:\/\/biotechsa.com\/2\/author\/biotechsa\/\" title=\"Posts by Biotechsa\" rel=\"author\">Biotechsa<\/a><\/span> | <span class=\"published\">abril 30, 2025<\/span> | <a href=\"https:\/\/biotechsa.com\/2\/category\/articulos-cientificos\/\" rel=\"category tag\">Art\u00edculos Cient\u00edficos<\/a>, <a href=\"https:\/\/biotechsa.com\/2\/category\/articulos-cientificos\/articulos-genex\/\" rel=\"category tag\">Art\u00edculos Genex<\/a> | 0 Comments<\/p><div class=\"et_pb_slide_content_body\"><p>Tras m\u00faltiples fracturas&#8230;<\/p>\n<\/div><\/div><div class=\"et_pb_button_wrapper\"><a class=\"et_pb_button et_pb_more_button\" href=\"https:\/\/biotechsa.com\/2\/articulos-cientificos\/articulos-genex\/manejo-preventivo-de-la-vertebra-sandwich-una-estrategia-eficaz-en-osteoporosis-avanzada\/\">Read More<\/a><\/div><\/div><\/div><\/div><\/div><div class=\"et_pb_slide et_pb_post_slide-9348\" style=\"background-image:url(https:\/\/biotechsa.com\/2\/wp-content\/uploads\/2025\/03\/Regeneracion-oise.png)\"><div class=\"et_pb_slide_overlay_container\"><\/div><div class=\"et_pb_container clearfix\"><div class=\"et_pb_slider_container_inner\"><div class=\"et_pb_slide_description\"><h2 class=\"et_pb_slide_title\"><a href=\"https:\/\/biotechsa.com\/2\/articulos-cientificos\/articulos-stimulan\/desarrollo-y-diferenciacion-de-celulas-madre-mesenquimales-en-andamios-de-sulfato-de-calcio\/\">Desarrollo y diferenciaci\u00f3n de c\u00e9lulas madre mesenquimales en andamios de sulfato de calcio<\/a><\/h2><div class=\"et_pb_slide_content\"><p class=\"post-meta\">by <span class=\"author vcard\"><a href=\"https:\/\/biotechsa.com\/2\/author\/biotechsa\/\" title=\"Posts by Biotechsa\" rel=\"author\">Biotechsa<\/a><\/span> | <span class=\"published\">marzo 23, 2025<\/span> | <a href=\"https:\/\/biotechsa.com\/2\/category\/articulos-cientificos\/\" rel=\"category tag\">Art\u00edculos Cient\u00edficos<\/a>, <a href=\"https:\/\/biotechsa.com\/2\/category\/articulos-cientificos\/articulos-genex\/\" rel=\"category tag\">Art\u00edculos Genex<\/a>, <a href=\"https:\/\/biotechsa.com\/2\/category\/articulos-cientificos\/articulos-stimulan\/\" rel=\"category tag\">Art\u00edculos STIMULAN<\/a> | 0 Comments<\/p><div class=\"et_pb_slide_content_body\"><p>La ingenier\u00eda de tejidos ha&#8230;<\/p>\n<\/div><\/div><div class=\"et_pb_button_wrapper\"><a class=\"et_pb_button et_pb_more_button\" href=\"https:\/\/biotechsa.com\/2\/articulos-cientificos\/articulos-stimulan\/desarrollo-y-diferenciacion-de-celulas-madre-mesenquimales-en-andamios-de-sulfato-de-calcio\/\">Read More<\/a><\/div><\/div><\/div><\/div><\/div><div class=\"et_pb_slide et_pb_post_slide-8142\" style=\"background-image:url(https:\/\/biotechsa.com\/2\/wp-content\/uploads\/2024\/11\/Displacia-de-tibia.jpg)\"><div class=\"et_pb_slide_overlay_container\"><\/div><div class=\"et_pb_container clearfix\"><div class=\"et_pb_slider_container_inner\"><div class=\"et_pb_slide_description\"><h2 class=\"et_pb_slide_title\"><a href=\"https:\/\/biotechsa.com\/2\/articulos-cientificos\/articulos-genex\/displasia-osteofibrosa-de-tibia-reporte-de-caso\/\">Displasia osteofibrosa de tibia: reporte de caso<\/a><\/h2><div class=\"et_pb_slide_content\"><p class=\"post-meta\">by <span class=\"author vcard\"><a href=\"https:\/\/biotechsa.com\/2\/author\/biotechsa\/\" title=\"Posts by Biotechsa\" rel=\"author\">Biotechsa<\/a><\/span> | <span class=\"published\">noviembre 28, 2024<\/span> | <a href=\"https:\/\/biotechsa.com\/2\/category\/articulos-cientificos\/\" rel=\"category tag\">Art\u00edculos Cient\u00edficos<\/a>, <a href=\"https:\/\/biotechsa.com\/2\/category\/articulos-cientificos\/articulos-genex\/\" rel=\"category tag\">Art\u00edculos Genex<\/a> | 0 Comments<\/p><div class=\"et_pb_slide_content_body\"><p>La displasia osteofibrosa&#8230;<\/p>\n<\/div><\/div><div class=\"et_pb_button_wrapper\"><a class=\"et_pb_button et_pb_more_button\" href=\"https:\/\/biotechsa.com\/2\/articulos-cientificos\/articulos-genex\/displasia-osteofibrosa-de-tibia-reporte-de-caso\/\">Read More<\/a><\/div><\/div><\/div><\/div><\/div><div class=\"et_pb_slide et_pb_post_slide-1996\" style=\"background-image:url(https:\/\/biotechsa.com\/2\/wp-content\/uploads\/2020\/10\/Infected-Hernia-Mesh-with-Gentamycin-Impregnated-Beads.jpg)\"><div class=\"et_pb_slide_overlay_container\"><\/div><div class=\"et_pb_container clearfix\"><div class=\"et_pb_slider_container_inner\"><div class=\"et_pb_slide_description\"><h2 class=\"et_pb_slide_title\"><a href=\"https:\/\/biotechsa.com\/2\/articulos-cientificos\/articulos-stimulan\/conservative-treatment-of-infected-mesh-by-use-of-gentamycin-impregnated-calcium-sulphate-antibiotic-beads-a-report-of-two-cases\/\">Conservative treatment of infected mesh by use of gentamycin impregnated calcium sulphate antibiotic beads: a report of two cases<\/a><\/h2><div class=\"et_pb_slide_content\"><p class=\"post-meta\">by <span class=\"author vcard\"><a href=\"https:\/\/biotechsa.com\/2\/author\/biotechsa\/\" title=\"Posts by Biotechsa\" rel=\"author\">Biotechsa<\/a><\/span> | <span class=\"published\">octubre 8, 2020<\/span> | <a href=\"https:\/\/biotechsa.com\/2\/category\/articulos-cientificos\/\" rel=\"category tag\">Art\u00edculos Cient\u00edficos<\/a>, <a href=\"https:\/\/biotechsa.com\/2\/category\/articulos-cientificos\/articulos-stimulan\/\" rel=\"category tag\">Art\u00edculos STIMULAN<\/a> | 0 Comments<\/p><div class=\"et_pb_slide_content_body\"><p>Infected-Hernia-Mesh-with-Gent&#8230;<\/p>\n<\/div><\/div><div class=\"et_pb_button_wrapper\"><a class=\"et_pb_button et_pb_more_button\" href=\"https:\/\/biotechsa.com\/2\/articulos-cientificos\/articulos-stimulan\/conservative-treatment-of-infected-mesh-by-use-of-gentamycin-impregnated-calcium-sulphate-antibiotic-beads-a-report-of-two-cases\/\">Read More<\/a><\/div><\/div><\/div><\/div><\/div><div class=\"et_pb_slide et_pb_post_slide-5532\" style=\"background-image:url(https:\/\/biotechsa.com\/2\/wp-content\/uploads\/2022\/09\/Disminucion-de-la-incidencia-de-infecciones-articulares-periprotesicas-agudas-con-microesferas-de-sulfato-de-calcio-cargadas-con-vancomicina-en-pacientes-con-factore-biotech.png)\"><div class=\"et_pb_slide_overlay_container\"><\/div><div class=\"et_pb_container clearfix\"><div class=\"et_pb_slider_container_inner\"><div class=\"et_pb_slide_description\"><h2 class=\"et_pb_slide_title\"><a href=\"https:\/\/biotechsa.com\/2\/articulos-cientificos\/articulos-stimulan\/disminucion-de-la-incidencia-de-infecciones-articulares-periprotesicas-agudas-con-microesferas-de-sulfato-de-calcio-cargadas-con-vancomicina-en-pacientes-con-factores-de-riesgo-no-modificables-un-ens\/\">Disminuci\u00f3n de la incidencia de infecciones articulares periprot\u00e9sicas agudas con microesferas de sulfato de calcio cargadas con vancomicina en pacientes con factores de riesgo no modificables. Un ensayo cl\u00ednico aleatorizado<\/a><\/h2><div class=\"et_pb_slide_content\"><p class=\"post-meta\">by <span class=\"author vcard\"><a href=\"https:\/\/biotechsa.com\/2\/author\/biotechsa\/\" title=\"Posts by Biotechsa\" rel=\"author\">Biotechsa<\/a><\/span> | <span class=\"published\">septiembre 1, 2022<\/span> | <a href=\"https:\/\/biotechsa.com\/2\/category\/articulos-cientificos\/articulos-stimulan\/\" rel=\"category tag\">Art\u00edculos STIMULAN<\/a>, <a href=\"https:\/\/biotechsa.com\/2\/category\/articulos-cientificos\/\" rel=\"category tag\">Art\u00edculos Cient\u00edficos<\/a> | 0 Comments<\/p><div class=\"et_pb_slide_content_body\"><p>Julio Carlos V\u00e9lez de&#8230;<\/p>\n<\/div><\/div><div class=\"et_pb_button_wrapper\"><a class=\"et_pb_button et_pb_more_button\" href=\"https:\/\/biotechsa.com\/2\/articulos-cientificos\/articulos-stimulan\/disminucion-de-la-incidencia-de-infecciones-articulares-periprotesicas-agudas-con-microesferas-de-sulfato-de-calcio-cargadas-con-vancomicina-en-pacientes-con-factores-de-riesgo-no-modificables-un-ens\/\">Read More<\/a><\/div><\/div><\/div><\/div><\/div><div class=\"et_pb_slide et_pb_post_slide-6737\" style=\"background-image:url(https:\/\/biotechsa.com\/2\/wp-content\/uploads\/2023\/06\/TRATAM1.png)\"><div class=\"et_pb_slide_overlay_container\"><\/div><div class=\"et_pb_container clearfix\"><div class=\"et_pb_slider_container_inner\"><div class=\"et_pb_slide_description\"><h2 class=\"et_pb_slide_title\"><a href=\"https:\/\/biotechsa.com\/2\/articulos-cientificos\/articulos-stimulan\/tratamiento-en-una-sola-etapa-de-la-osteomielitis-tibial-cronica-localizada-con-desbridamiento-local-e-implantacion-de-sulfato-de-calcio-impregnado-de-antibiotico-un-estudio-retrospectivo-de-42-pacie\/\">Tratamiento en una sola etapa de la osteomielitis tibial cr\u00f3nica localizada con desbridamiento local e implantaci\u00f3n de sulfato de calcio impregnado de antibi\u00f3tico: un estudio retrospectivo de 42 pacientes<\/a><\/h2><div class=\"et_pb_slide_content\"><p class=\"post-meta\">by <span class=\"author vcard\"><a href=\"https:\/\/biotechsa.com\/2\/author\/biotechsa\/\" title=\"Posts by Biotechsa\" rel=\"author\">Biotechsa<\/a><\/span> | <span class=\"published\">junio 2, 2023<\/span> | <a href=\"https:\/\/biotechsa.com\/2\/category\/articulos-cientificos\/articulos-stimulan\/\" rel=\"category tag\">Art\u00edculos STIMULAN<\/a>, <a href=\"https:\/\/biotechsa.com\/2\/category\/articulos-cientificos\/\" rel=\"category tag\">Art\u00edculos Cient\u00edficos<\/a> | 2 Comments<\/p><div class=\"et_pb_slide_content_body\"><p>TRATAM1 Tratamiento en una&#8230;<\/p>\n<\/div><\/div><div class=\"et_pb_button_wrapper\"><a class=\"et_pb_button et_pb_more_button\" href=\"https:\/\/biotechsa.com\/2\/articulos-cientificos\/articulos-stimulan\/tratamiento-en-una-sola-etapa-de-la-osteomielitis-tibial-cronica-localizada-con-desbridamiento-local-e-implantacion-de-sulfato-de-calcio-impregnado-de-antibiotico-un-estudio-retrospectivo-de-42-pacie\/\">Read More<\/a><\/div><\/div><\/div><\/div><\/div><div class=\"et_pb_slide et_pb_post_slide-3412\" style=\"background-image:url(https:\/\/biotechsa.com\/2\/wp-content\/uploads\/2021\/05\/reemplazo-de-cadera-y-rodilla.jpg)\"><div class=\"et_pb_slide_overlay_container\"><\/div><div class=\"et_pb_container clearfix\"><div class=\"et_pb_slider_container_inner\"><div class=\"et_pb_slide_description\"><h2 class=\"et_pb_slide_title\"><a href=\"https:\/\/biotechsa.com\/2\/articulos-cientificos\/articulos-stimulan\/modifiable-risk-factors-are-common-in-early-revision-hip-and-knee-replacement\/\">Modifiable risk factors are common in early revision hip and knee replacement<\/a><\/h2><div class=\"et_pb_slide_content\"><p class=\"post-meta\">by <span class=\"author vcard\"><a href=\"https:\/\/biotechsa.com\/2\/author\/biotechsa\/\" title=\"Posts by Biotechsa\" rel=\"author\">Biotechsa<\/a><\/span> | <span class=\"published\">mayo 27, 2021<\/span> | <a href=\"https:\/\/biotechsa.com\/2\/category\/articulos-cientificos\/\" rel=\"category tag\">Art\u00edculos Cient\u00edficos<\/a>, <a href=\"https:\/\/biotechsa.com\/2\/category\/articulos-cientificos\/articulos-stimulan\/\" rel=\"category tag\">Art\u00edculos STIMULAN<\/a> | 0 Comments<\/p><div class=\"et_pb_slide_content_body\"><p>Modifiable-risk-factors-are-co&#8230;<\/p>\n<\/div><\/div><div class=\"et_pb_button_wrapper\"><a class=\"et_pb_button et_pb_more_button\" href=\"https:\/\/biotechsa.com\/2\/articulos-cientificos\/articulos-stimulan\/modifiable-risk-factors-are-common-in-early-revision-hip-and-knee-replacement\/\">Read More<\/a><\/div><\/div><\/div><\/div><\/div><div class=\"et_pb_slide et_pb_post_slide-4256\" style=\"background-image:url(https:\/\/biotechsa.com\/2\/wp-content\/uploads\/2022\/01\/Desarrollo-de-un-modelo-novedoso-para-la-evaluacion-de-la-gestion-del-espacio-muerto-en-tejidos-bland.png)\"><div class=\"et_pb_slide_overlay_container\"><\/div><div class=\"et_pb_container clearfix\"><div class=\"et_pb_slider_container_inner\"><div class=\"et_pb_slide_description\"><h2 class=\"et_pb_slide_title\"><a href=\"https:\/\/biotechsa.com\/2\/articulos-cientificos\/articulos-stimulan\/desarrollo-de-un-modelo-novedoso-para-la-evaluacion-de-la-gestion-del-espacio-muerto-en-tejidos-blandos\/\">Desarrollo de un modelo novedoso para la evaluaci\u00f3n de la gesti\u00f3n del espacio muerto en tejidos blandos.<\/a><\/h2><div class=\"et_pb_slide_content\"><p class=\"post-meta\">by <span class=\"author vcard\"><a href=\"https:\/\/biotechsa.com\/2\/author\/biotechsa\/\" title=\"Posts by Biotechsa\" rel=\"author\">Biotechsa<\/a><\/span> | <span class=\"published\">enero 20, 2022<\/span> | <a href=\"https:\/\/biotechsa.com\/2\/category\/articulos-cientificos\/articulos-stimulan\/\" rel=\"category tag\">Art\u00edculos STIMULAN<\/a>, <a href=\"https:\/\/biotechsa.com\/2\/category\/articulos-cientificos\/\" rel=\"category tag\">Art\u00edculos Cient\u00edficos<\/a> | 0 Comments<\/p><div class=\"et_pb_slide_content_body\"><p>Desarrollo-de-un-modelo-novedo&#8230;<\/p>\n<\/div><\/div><div class=\"et_pb_button_wrapper\"><a class=\"et_pb_button et_pb_more_button\" href=\"https:\/\/biotechsa.com\/2\/articulos-cientificos\/articulos-stimulan\/desarrollo-de-un-modelo-novedoso-para-la-evaluacion-de-la-gestion-del-espacio-muerto-en-tejidos-blandos\/\">Read More<\/a><\/div><\/div><\/div><\/div><\/div><div class=\"et_pb_slide et_pb_post_slide-5586\" style=\"background-image:url(https:\/\/biotechsa.com\/2\/wp-content\/uploads\/2021\/01\/A-new-method-of-treating-patients-with-diabetic-foot-ulcers-and-osteomyelitis-using-antibiotic-impregnated-calcium-sulfate.png)\"><div class=\"et_pb_slide_overlay_container\"><\/div><div class=\"et_pb_container clearfix\"><div class=\"et_pb_slider_container_inner\"><div class=\"et_pb_slide_description\"><h2 class=\"et_pb_slide_title\"><a href=\"https:\/\/biotechsa.com\/2\/articulos-cientificos\/articulos-stimulan\/perlas-impregnadas-de-antibiotico-bio-absorbibles-para-el-tratamiento-de-infecciones-de-injerto-protesico-vascular\/\">Perlas impregnadas de antibi\u00f3tico bioabsorbibles para el tratamiento de infecciones de injerto prot\u00e9sico vascular<\/a><\/h2><div class=\"et_pb_slide_content\"><p class=\"post-meta\">by <span class=\"author vcard\"><a href=\"https:\/\/biotechsa.com\/2\/author\/biotechsa\/\" title=\"Posts by Biotechsa\" rel=\"author\">Biotechsa<\/a><\/span> | <span class=\"published\">septiembre 22, 2022<\/span> | <a href=\"https:\/\/biotechsa.com\/2\/category\/articulos-cientificos\/articulos-stimulan\/\" rel=\"category tag\">Art\u00edculos STIMULAN<\/a>, <a href=\"https:\/\/biotechsa.com\/2\/category\/articulos-cientificos\/\" rel=\"category tag\">Art\u00edculos Cient\u00edficos<\/a> | 0 Comments<\/p><div class=\"et_pb_slide_content_body\"><p>Bio-absorbable-antibiotic-impr&#8230;<\/p>\n<\/div><\/div><div class=\"et_pb_button_wrapper\"><a class=\"et_pb_button et_pb_more_button\" href=\"https:\/\/biotechsa.com\/2\/articulos-cientificos\/articulos-stimulan\/perlas-impregnadas-de-antibiotico-bio-absorbibles-para-el-tratamiento-de-infecciones-de-injerto-protesico-vascular\/\">Read More<\/a><\/div><\/div><\/div><\/div><\/div><\/div><\/div><\/div><\/div><\/div>","protected":false},"excerpt":{"rendered":"","protected":false},"author":2,"featured_media":2445,"comment_status":"open","ping_status":"open","sticky":false,"template":"","format":"standard","meta":{"footnotes":""},"categories":[25],"tags":[],"class_list":["post-2437","post","type-post","status-publish","format-standard","has-post-thumbnail","hentry","category-noticias"],"_links":{"self":[{"href":"https:\/\/biotechsa.com\/2\/wp-json\/wp\/v2\/posts\/2437","targetHints":{"allow":["GET"]}}],"collection":[{"href":"https:\/\/biotechsa.com\/2\/wp-json\/wp\/v2\/posts"}],"about":[{"href":"https:\/\/biotechsa.com\/2\/wp-json\/wp\/v2\/types\/post"}],"author":[{"embeddable":true,"href":"https:\/\/biotechsa.com\/2\/wp-json\/wp\/v2\/users\/2"}],"replies":[{"embeddable":true,"href":"https:\/\/biotechsa.com\/2\/wp-json\/wp\/v2\/comments?post=2437"}],"version-history":[{"count":1,"href":"https:\/\/biotechsa.com\/2\/wp-json\/wp\/v2\/posts\/2437\/revisions"}],"predecessor-version":[{"id":11192,"href":"https:\/\/biotechsa.com\/2\/wp-json\/wp\/v2\/posts\/2437\/revisions\/11192"}],"wp:featuredmedia":[{"embeddable":true,"href":"https:\/\/biotechsa.com\/2\/wp-json\/wp\/v2\/media\/2445"}],"wp:attachment":[{"href":"https:\/\/biotechsa.com\/2\/wp-json\/wp\/v2\/media?parent=2437"}],"wp:term":[{"taxonomy":"category","embeddable":true,"href":"https:\/\/biotechsa.com\/2\/wp-json\/wp\/v2\/categories?post=2437"},{"taxonomy":"post_tag","embeddable":true,"href":"https:\/\/biotechsa.com\/2\/wp-json\/wp\/v2\/tags?post=2437"}],"curies":[{"name":"wp","href":"https:\/\/api.w.org\/{rel}","templated":true}]}}