{"id":239171,"date":"2026-09-02T12:21:02","date_gmt":"2026-09-02T18:21:02","guid":{"rendered":"https:\/\/biotechsa.com\/2\/?p=239171"},"modified":"2026-09-02T12:38:44","modified_gmt":"2026-09-02T18:38:44","slug":"uso-de-stimulan-manejo-ulcera-pie-diabetico","status":"publish","type":"post","link":"https:\/\/biotechsa.com\/2\/articulos-cientificos\/articulos-stimulan\/uso-de-stimulan-manejo-ulcera-pie-diabetico\/","title":{"rendered":"Uso de STIMULAN en el manejo de una \u00falcera de pie diab\u00e9tico"},"content":{"rendered":"\n<p class=\"wp-block-paragraph\" style=\"font-size:16px\">Las \u00falceras de pie diab\u00e9tico representan un desaf\u00edo cl\u00ednico, debido a los m\u00faltiples factores que pueden interferir con el proceso de cicatrizaci\u00f3n y favorecer la progresi\u00f3n de infecciones, as\u00ed como un desaf\u00edo econ\u00f3mico para los pacientes y sistemas de salud.<\/p>\n\n\n\n<p class=\"wp-block-paragraph\" style=\"font-size:16px\">De acuerdo con un <a href=\"https:\/\/www.sciencedirect.com\/science\/article\/pii\/S0379389316301351?via%3Dihub\" target=\"_blank\" rel=\"noopener\">estudio transversal<\/a> realizado en pacientes con pie diab\u00e9tico atendidos en un hospital del Instituto Mexicano del Seguro Social en Puebla, M\u00e9xico, los costos directos aumentan conforme avanza la gravedad de la lesi\u00f3n, siendo la estancia hospitalaria y las debridaciones quir\u00fargicas algunos de los principales componentes del gasto.<\/p>\n\n\n\n<p class=\"wp-block-paragraph\" style=\"font-size:16px\">En este contexto, un manejo integral es fundamental para favorecer el control de la infecci\u00f3n, reducir la necesidad de mayor n\u00famero de intervenciones y prevenir mayores complicaciones como la amputaci\u00f3n de la extremidad. Por ello la antibioticoterapia local ha cobrado relevancia como parte del abordaje de estas lesiones, ya que permite administrar altas concentraciones de antibi\u00f3tico directamente en el sitio de tratamiento con el objetivo de controlar de manera local la infecci\u00f3n.<\/p>\n\n\n\n<p class=\"wp-block-paragraph\" style=\"font-size:16px\">En el siguiente caso cl\u00ednico, el Dr. Kerry Lee nos comparte c\u00f3mo integr\u00f3 <a href=\"https:\/\/biotechsa.com\/2\/stimulan-biotechsa\/\">STIMULAN<\/a> al abordaje.<\/p>\n\n\n\n<h3 class=\"wp-block-heading\" style=\"font-size:20px\">Advertencia: las siguientes im\u00e1genes se consideran sensibles, se recomienda discreci\u00f3n.<\/h3>\n\n\n\n<figure class=\"wp-block-image size-large is-resized\"><img loading=\"lazy\" decoding=\"async\" width=\"787\" height=\"1024\" src=\"https:\/\/biotechsa.com\/2\/wp-content\/uploads\/2026\/09\/Sin-titulo-560-x-554-px-750-x-750-px-5-787x1024.png\" alt=\"\u00falcera\n\" class=\"wp-image-239174\" style=\"aspect-ratio:0.7685511558709087;width:345px;height:auto\" \/><\/figure>\n\n\n\n<h2 class=\"wp-block-heading\" style=\"font-size:30px\">Caso cl\u00ednico<\/h2>\n\n\n\n<p class=\"wp-block-paragraph\" style=\"font-size:16px\">Paciente femenina de 83 a\u00f1os con antecedentes de diabetes mellitus II, demencia vascular, hipertensi\u00f3n, asma, osteoartrosis, edema bilateral de miembros inferiores y \u00falceras varicosas.<\/p>\n\n\n\n<p class=\"wp-block-paragraph\" style=\"font-size:16px\">La paciente acudi\u00f3 al servicio de urgencias ya que presentaba antecedentes de \u00falceras en las piernas de aproximadamente tres a\u00f1os de evoluci\u00f3n y una \u00falcera nueva en el tal\u00f3n izquierdo acompa\u00f1ada de dolor intenso, infecci\u00f3n y sangrado.<\/p>\n\n\n\n<h2 class=\"wp-block-heading\" style=\"font-size:30px\">Tratamiento<\/h2>\n\n\n\n<p class=\"wp-block-paragraph\" style=\"font-size:16px\">Como parte del abordaje convencional, se realiz\u00f3 un desbridamiento quir\u00fargico de la \u00falcera del tal\u00f3n y posteriormente se colocaron perlas de sulfato de calcio (STIMULAN) impregnadas con antibi\u00f3tico.<\/p>\n\n\n\n<p class=\"wp-block-paragraph\" style=\"font-size:16px\">A la primera semana se realiz\u00f3 un cambio de ap\u00f3sito y se recolocaron las perlas STIMULAN en el sitio de aplicaci\u00f3n inicial. Tras una valoraci\u00f3n microbiol\u00f3gica, se ajust\u00f3 la antibioticoterapia oral y se indic\u00f3 el uso de calzado postoperatorio para aliviar la presi\u00f3n sobre el tal\u00f3n.<\/p>\n\n\n\n<p class=\"wp-block-paragraph\" style=\"font-size:16px\">A las cuatro semanas la herida presentaba tejido de granulaci\u00f3n y una reducci\u00f3n considerable de su tama\u00f1o. Posteriormente a las cinco semanas se present\u00f3 un episodio de mayor sangrado asociado con un hematoma, el cual fue retirado. Se aplicaron nuevamente perlas STIMULAN y se suspendi\u00f3 la antibioticoterapia oral.<\/p>\n\n\n\n<p class=\"wp-block-paragraph\" style=\"font-size:16px\">El seguimiento continuo de manera semanal, con cambios peri\u00f3dicos de ap\u00f3sito y colocaci\u00f3n de perlas STIMULAN en las semanas siete, nueve y once.<\/p>\n\n\n\n<p class=\"wp-block-paragraph\" style=\"font-size:16px\">A las catorce semanas las perlas STIMULAN se hab\u00edan absorbido por completo y el tama\u00f1o de la herida se redujo a 32 \u00d7 15 mm.<\/p>\n\n\n\n<figure class=\"wp-block-image size-full\"><img loading=\"lazy\" decoding=\"async\" width=\"893\" height=\"231\" src=\"https:\/\/biotechsa.com\/2\/wp-content\/uploads\/2026\/09\/Titulo-secundario-1280-x-330-px-1.png\" alt=\"\" class=\"wp-image-239186\" style=\"aspect-ratio:3.878958271678011\" srcset=\"https:\/\/biotechsa.com\/2\/wp-content\/uploads\/2026\/09\/Titulo-secundario-1280-x-330-px-1.png 893w, https:\/\/biotechsa.com\/2\/wp-content\/uploads\/2026\/09\/Titulo-secundario-1280-x-330-px-1-480x231.png 480w\" sizes=\"(min-width: 0px) and (max-width: 480px) 480px, (min-width: 481px) 893px, 100vw\" \/><\/figure>\n\n\n\n<h2 class=\"wp-block-heading\" style=\"font-size:30px\">Evoluci\u00f3n cl\u00ednica y resultados<\/h2>\n\n\n\n<p class=\"wp-block-paragraph\" style=\"font-size:16px\">A los siete meses de seguimiento la herida se encontraba completamente cerrada y la paciente ya no presentaba dolor en la zona afectada. Finalmente, a los 12 meses de seguimiento, la paciente mostr\u00f3 una adecuada evoluci\u00f3n cl\u00ednica sin recurrencia de infecci\u00f3n.<\/p>\n\n\n\n<p class=\"wp-block-paragraph\" style=\"font-size:16px\">Como parte de una estrategia integral de manejo, la incorporaci\u00f3n de perlas de sulfato de calcio impregnadas con antibi\u00f3tico favoreci\u00f3 la evoluci\u00f3n cl\u00ednica de la \u00falcera y permiti\u00f3 preservar la extremidad, evitando la amputaci\u00f3n.<\/p>\n","protected":false},"excerpt":{"rendered":"<p>Las \u00falceras de pie diab\u00e9tico representan un desaf\u00edo cl\u00ednico, debido a los m\u00faltiples factores que pueden interferir con el proceso de cicatrizaci\u00f3n y favorecer la progresi\u00f3n de infecciones, as\u00ed como [&hellip;]<\/p>\n","protected":false},"author":136,"featured_media":239177,"comment_status":"open","ping_status":"open","sticky":false,"template":"","format":"standard","meta":{"footnotes":""},"categories":[26],"tags":[158,85,403],"class_list":["post-239171","post","type-post","status-publish","format-standard","has-post-thumbnail","hentry","category-articulos-stimulan","tag-pie-diabetico-2","tag-stimulan","tag-ulceras"],"_links":{"self":[{"href":"https:\/\/biotechsa.com\/2\/wp-json\/wp\/v2\/posts\/239171","targetHints":{"allow":["GET"]}}],"collection":[{"href":"https:\/\/biotechsa.com\/2\/wp-json\/wp\/v2\/posts"}],"about":[{"href":"https:\/\/biotechsa.com\/2\/wp-json\/wp\/v2\/types\/post"}],"author":[{"embeddable":true,"href":"https:\/\/biotechsa.com\/2\/wp-json\/wp\/v2\/users\/136"}],"replies":[{"embeddable":true,"href":"https:\/\/biotechsa.com\/2\/wp-json\/wp\/v2\/comments?post=239171"}],"version-history":[{"count":5,"href":"https:\/\/biotechsa.com\/2\/wp-json\/wp\/v2\/posts\/239171\/revisions"}],"predecessor-version":[{"id":239187,"href":"https:\/\/biotechsa.com\/2\/wp-json\/wp\/v2\/posts\/239171\/revisions\/239187"}],"wp:featuredmedia":[{"embeddable":true,"href":"https:\/\/biotechsa.com\/2\/wp-json\/wp\/v2\/media\/239177"}],"wp:attachment":[{"href":"https:\/\/biotechsa.com\/2\/wp-json\/wp\/v2\/media?parent=239171"}],"wp:term":[{"taxonomy":"category","embeddable":true,"href":"https:\/\/biotechsa.com\/2\/wp-json\/wp\/v2\/categories?post=239171"},{"taxonomy":"post_tag","embeddable":true,"href":"https:\/\/biotechsa.com\/2\/wp-json\/wp\/v2\/tags?post=239171"}],"curies":[{"name":"wp","href":"https:\/\/api.w.org\/{rel}","templated":true}]}}