{"id":239163,"date":"2026-09-02T11:24:31","date_gmt":"2026-09-02T17:24:31","guid":{"rendered":"https:\/\/biotechsa.com\/2\/?p=239163"},"modified":"2026-09-02T11:41:37","modified_gmt":"2026-09-02T17:41:37","slug":"administracion-local-de-antibioticos-en-el-manejo-de-osteomielitis-asociada-a-pie-diabetico","status":"publish","type":"post","link":"https:\/\/biotechsa.com\/2\/articulos-cientificos\/articulos-stimulan\/administracion-local-de-antibioticos-en-el-manejo-de-osteomielitis-asociada-a-pie-diabetico\/","title":{"rendered":"Administraci\u00f3n local de antibi\u00f3ticos en el manejo de osteomielitis asociada a pie diab\u00e9tico"},"content":{"rendered":"\n<p class=\"wp-block-paragraph\" style=\"font-size:16px\">A nivel mundial m\u00e1s de 800 millones de personas viven con diabetes y, de acuerdo con un art\u00edculo publicado en <a href=\"https:\/\/www.nejm.org\/doi\/full\/10.1056\/NEJMra1615439\" target=\"_blank\" rel=\"noopener\">The New England Journal of Medicine<\/a>, se estima que entre el 19% y el 34% de los pacientes con esta enfermedad desarrollar\u00e1n una \u00falcera en el pie durante su vida. Adem\u00e1s, aproximadamente el 20% de las personas que desarrollan una \u00falcera requerir\u00e1n una amputaci\u00f3n de la extremidad inferior.<\/p>\n\n\n\n<p class=\"wp-block-paragraph\" style=\"font-size:16px\">Tan solo en M\u00e9xico, seg\u00fan cifras del <a href=\"https:\/\/www.gob.mx\/issste\/prensa\/salvan-medicos-del-issste-pierna-y-vida-a-paciente-con-pie-diabetico-y-gangrena-venosa?idiom=es-MX\" target=\"_blank\" rel=\"noopener\">ISSSTE<\/a>, de las 16 millones de personas que padecen diabetes, 7.2% presentan \u00falceras y 2% amputaciones.<\/p>\n\n\n\n<p class=\"wp-block-paragraph\" style=\"font-size:16px\">Ante el aumento de amputaciones asociadas por pie diab\u00e9tico, la prevenci\u00f3n, detecci\u00f3n y tratamiento oportuno de las infecciones adquieren un papel fundamental. Una \u00falcera mal tratada puede ocasionar una propagaci\u00f3n contigua de las bacterias, extendi\u00e9ndose hacia el tejido blando y eventualmente al hueso, dando lugar a la osteomielitis, una de las complicaciones m\u00e1s complejas a tratar.<\/p>\n\n\n\n<p class=\"wp-block-paragraph\" style=\"font-size:16px\">Uno de los grandes desaf\u00edos al tratar la osteomielitis es alcanzar las concentraciones adecuadas de antibi\u00f3tico en el tejido \u00f3seo infectado. Por ello, adem\u00e1s del manejo sist\u00e9mico y abordaje quir\u00fargico, se ha analizado la administraci\u00f3n local de antibi\u00f3ticos directamente en el foco de infecci\u00f3n.<\/p>\n\n\n\n<p class=\"wp-block-paragraph\" style=\"font-size:16px\">En este contexto, un informe de caso publicado en el <em>International Journal of Foot and Ankle<\/em> evalu\u00f3 el uso de perlas de sulfato de calcio (STIMULAN) impregnadas de vancomicina y gentamicina como parte del manejo de una \u00falcera de pie diab\u00e9tico complicada con osteomielitis.<\/p>\n\n\n\n<h3 class=\"wp-block-heading\" style=\"font-size:20px\">Advertencia: las siguientes im\u00e1genes se consideran sensibles, se recomienda discreci\u00f3n.<\/h3>\n\n\n\n<figure class=\"wp-block-image size-large is-resized\"><img loading=\"lazy\" decoding=\"async\" width=\"1024\" height=\"822\" src=\"https:\/\/biotechsa.com\/2\/wp-content\/uploads\/2026\/09\/TC-lisiones-liticas-en-femures-y-tibias-5-1024x822.png\" alt=\"local antibi\u00f3ticos\n\" class=\"wp-image-239172\" style=\"aspect-ratio:1.2442566926143914;width:508px;height:auto\" srcset=\"https:\/\/biotechsa.com\/2\/wp-content\/uploads\/2026\/09\/TC-lisiones-liticas-en-femures-y-tibias-5-980x787.png 980w, https:\/\/biotechsa.com\/2\/wp-content\/uploads\/2026\/09\/TC-lisiones-liticas-en-femures-y-tibias-5-480x385.png 480w\" sizes=\"(min-width: 0px) and (max-width: 480px) 480px, (min-width: 481px) and (max-width: 980px) 980px, (min-width: 981px) 1024px, 100vw\" \/><\/figure>\n\n\n\n<h2 class=\"wp-block-heading\" style=\"font-size:30px\">Caso cl\u00ednico<\/h2>\n\n\n\n<p class=\"wp-block-paragraph\" style=\"font-size:16px\">Paciente femenina de 62 a\u00f1os con diabetes mellitus tipo II de 12 a\u00f1os de evoluci\u00f3n e hipertensi\u00f3n controlada. La paciente presentaba una \u00falcera en el hallux izquierdo, asociada a signos de infecci\u00f3n y sospecha de compromiso \u00f3seo.<\/p>\n\n\n\n<p class=\"wp-block-paragraph\" style=\"font-size:16px\">Durante la evaluaci\u00f3n neurol\u00f3gica se evidenci\u00f3 neuropat\u00eda perif\u00e9rica profunda, con p\u00e9rdida de la sensibilidad al monofilamento de 10 g y a la vibraci\u00f3n; mientras que las radiograf\u00edas mostraron osteomielitis del hallux izquierdo.<\/p>\n\n\n\n<figure class=\"wp-block-image aligncenter size-large is-resized\"><img loading=\"lazy\" decoding=\"async\" width=\"1024\" height=\"579\" src=\"https:\/\/biotechsa.com\/2\/wp-content\/uploads\/2026\/09\/TC-lisiones-liticas-en-femures-y-tibias-3-1024x579.png\" alt=\"\" class=\"wp-image-239165\" style=\"aspect-ratio:1.7685872351909324;width:688px;height:auto\" srcset=\"https:\/\/biotechsa.com\/2\/wp-content\/uploads\/2026\/09\/TC-lisiones-liticas-en-femures-y-tibias-3-980x551.png 980w, https:\/\/biotechsa.com\/2\/wp-content\/uploads\/2026\/09\/TC-lisiones-liticas-en-femures-y-tibias-3-480x270.png 480w\" sizes=\"(min-width: 0px) and (max-width: 480px) 480px, (min-width: 481px) and (max-width: 980px) 980px, (min-width: 981px) 1024px, 100vw\" \/><\/figure>\n\n\n\n<h2 class=\"wp-block-heading\" style=\"font-size:30px\">Intervenci\u00f3n<\/h2>\n\n\n\n<p class=\"wp-block-paragraph\" style=\"font-size:16px\">Como parte del abordaje quir\u00fargico inicial se realiz\u00f3 la incisi\u00f3n y drenaje de la herida, incluyendo la resecci\u00f3n de los secuestros \u00f3seos. Posteriormente se colocaron perlas <a href=\"https:\/\/biotechsa.com\/2\/stimulan-biotechsa\/\">STIMULAN<\/a> impregnadas con 1 g de vancomicina y 80 mg de gentamicina, cubriendo el \u00e1rea afectada y el hueso remanente, como complemento al tratamiento antibi\u00f3tico sist\u00e9mico.<\/p>\n\n\n\n<h2 class=\"wp-block-heading\" style=\"font-size:30px\">Evoluci\u00f3n cl\u00ednica y resultados<\/h2>\n\n\n\n<p class=\"wp-block-paragraph\" style=\"font-size:16px\">Tras el tratamiento, la paciente present\u00f3 una evoluci\u00f3n favorable de la lesi\u00f3n, con cicatrizaci\u00f3n completa aproximadamente cuatro semanas despu\u00e9s de la intervenci\u00f3n inicial. Las radiograf\u00edas postoperatorias mostraron la absorci\u00f3n completa de las perlas STIMULAN a las 14 semanas.<\/p>\n\n\n\n<p class=\"wp-block-paragraph\" style=\"font-size:16px\">A los 12 meses de seguimiento no se present\u00f3 recurrencia de la infecci\u00f3n ni se reportaron reacciones adversas asociadas al tratamiento.<\/p>\n\n\n\n<figure class=\"wp-block-image aligncenter size-large is-resized\"><img loading=\"lazy\" decoding=\"async\" width=\"1024\" height=\"604\" src=\"https:\/\/biotechsa.com\/2\/wp-content\/uploads\/2026\/09\/TC-lisiones-liticas-en-femures-y-tibias-4-1024x604.png\" alt=\"\" class=\"wp-image-239166\" style=\"aspect-ratio:1.6953822273961972;width:716px;height:auto\" srcset=\"https:\/\/biotechsa.com\/2\/wp-content\/uploads\/2026\/09\/TC-lisiones-liticas-en-femures-y-tibias-4-980x551.png 980w, https:\/\/biotechsa.com\/2\/wp-content\/uploads\/2026\/09\/TC-lisiones-liticas-en-femures-y-tibias-4-480x270.png 480w\" sizes=\"(min-width: 0px) and (max-width: 480px) 480px, (min-width: 481px) and (max-width: 980px) 980px, (min-width: 981px) 1024px, 100vw\" \/><\/figure>\n\n\n\n<p class=\"wp-block-paragraph\" style=\"font-size:16px\">Estos resultados destacan el potencial de la administraci\u00f3n local de antibi\u00f3ticos mediante perlas de sulfato de calcio como complemento en el tratamiento de la osteomielitis, al coadyuvar en el control de la infecci\u00f3n y favorecer la recuperaci\u00f3n de la \u00falcera.<\/p>\n\n\n\n<p class=\"wp-block-paragraph\" style=\"font-size:16px\">Accede al caso completo: Rajesh, K., Sheela, S. C., &amp; Vimalkumar, R. (2018). A Case Study on Antibiotic Loaded Calcium Sulphate Beads in the Management of Diabetic Foot Complications. <em>International Journal Of Foot And Ankle<\/em>, <em>2<\/em>(1). <a href=\"https:\/\/clinmedjournals.org\/articles\/ijfa\/international-journal-of-foot-and-ankle-ijfa-2-007.php\" target=\"_blank\" rel=\"noopener\"><\/a><a href=\"https:\/\/doi.org\/10.23937\/ijfa-2017\/1710007\" target=\"_blank\" rel=\"noopener\">https:\/\/doi.org\/10.23937\/ijfa-2017\/1710007<\/a>.<\/p>\n\n\n\n<p class=\"wp-block-paragraph\"><\/p>\n","protected":false},"excerpt":{"rendered":"<p>A nivel mundial m\u00e1s de 800 millones de personas viven con diabetes y, de acuerdo con un art\u00edculo publicado en The New England Journal of Medicine, se estima que entre [&hellip;]<\/p>\n","protected":false},"author":136,"featured_media":239169,"comment_status":"open","ping_status":"open","sticky":false,"template":"","format":"standard","meta":{"footnotes":""},"categories":[26],"tags":[115,158,85,403],"class_list":["post-239163","post","type-post","status-publish","format-standard","has-post-thumbnail","hentry","category-articulos-stimulan","tag-osteomielitis","tag-pie-diabetico-2","tag-stimulan","tag-ulceras"],"_links":{"self":[{"href":"https:\/\/biotechsa.com\/2\/wp-json\/wp\/v2\/posts\/239163","targetHints":{"allow":["GET"]}}],"collection":[{"href":"https:\/\/biotechsa.com\/2\/wp-json\/wp\/v2\/posts"}],"about":[{"href":"https:\/\/biotechsa.com\/2\/wp-json\/wp\/v2\/types\/post"}],"author":[{"embeddable":true,"href":"https:\/\/biotechsa.com\/2\/wp-json\/wp\/v2\/users\/136"}],"replies":[{"embeddable":true,"href":"https:\/\/biotechsa.com\/2\/wp-json\/wp\/v2\/comments?post=239163"}],"version-history":[{"count":3,"href":"https:\/\/biotechsa.com\/2\/wp-json\/wp\/v2\/posts\/239163\/revisions"}],"predecessor-version":[{"id":239173,"href":"https:\/\/biotechsa.com\/2\/wp-json\/wp\/v2\/posts\/239163\/revisions\/239173"}],"wp:featuredmedia":[{"embeddable":true,"href":"https:\/\/biotechsa.com\/2\/wp-json\/wp\/v2\/media\/239169"}],"wp:attachment":[{"href":"https:\/\/biotechsa.com\/2\/wp-json\/wp\/v2\/media?parent=239163"}],"wp:term":[{"taxonomy":"category","embeddable":true,"href":"https:\/\/biotechsa.com\/2\/wp-json\/wp\/v2\/categories?post=239163"},{"taxonomy":"post_tag","embeddable":true,"href":"https:\/\/biotechsa.com\/2\/wp-json\/wp\/v2\/tags?post=239163"}],"curies":[{"name":"wp","href":"https:\/\/api.w.org\/{rel}","templated":true}]}}