{"id":2381,"date":"2020-12-10T22:11:05","date_gmt":"2020-12-10T22:11:05","guid":{"rendered":"https:\/\/biotechsa.com\/2\/?p=2381"},"modified":"2026-03-10T12:59:23","modified_gmt":"2026-03-10T18:59:23","slug":"interview-with-dr-jay-hoofnagle-on-the-discovery-of-hepatitis-c-and-progress-in-preventing-and-treating-chronic-infection","status":"publish","type":"post","link":"https:\/\/biotechsa.com\/2\/noticias\/interview-with-dr-jay-hoofnagle-on-the-discovery-of-hepatitis-c-and-progress-in-preventing-and-treating-chronic-infection\/","title":{"rendered":"Interview with Dr. Jay Hoofnagle on the discovery of hepatitis C and progress in preventing and treating chronic infection."},"content":{"rendered":"<div class=\"et_pb_section_0 et_pb_section et_section_regular et_block_section\"><div class=\"et_pb_row_0 et_pb_row et_block_row\"><div class=\"et_pb_column_0 et_pb_column et_pb_column_4_4 et-last-child et_block_column et_pb_css_mix_blend_mode_passthrough\"><div class=\"et_pb_image_0 et_pb_image et_pb_module et_block_module\"><span class=\"et_pb_image_wrap\"><img decoding=\"async\" src=\"https:\/\/photos.app.goo.gl\/YEFVye1Uq7DTcbdd9\" \/><\/span><\/div><div class=\"et_pb_text_0 et_pb_text et_pb_bg_layout_light et_pb_module et_block_module\"><div class=\"et_pb_text_inner\"><p><span>Jay Hoofnagle is director of the Liver Disease Research Branch at the National Institute of Diabetes and Digestive and Kidney Diseases. Stephen Morrissey, the interviewer, is the Executive Managing Editor of the\u00a0<\/span><i>Journal<\/i><span>.<\/span><\/p>\n<\/div><\/div><\/div><\/div><\/div><div class=\"et_pb_section_1 et_pb_section et_section_regular et_block_section\"><div class=\"et_pb_row_1 et_pb_row et_block_row\"><div class=\"et_pb_column_1 et_pb_column et_pb_column_1_2 et_block_column et_pb_css_mix_blend_mode_passthrough\"><div class=\"et_pb_text_1 et_pb_text et_pb_bg_layout_light et_clickable et_pb_module et_block_module\"><div class=\"et_pb_text_inner\"><p><a href=\"https:\/\/www.nejm.org\/action\/showMediaPlayer?doi=10.1056%2FNEJMdo005913&amp;aid=10.1056%2FNEJMp2031110&amp;viewType=Popup&amp;viewClass=Audio&amp;ctype=audiointerview&amp;area=production\" target=\"_blank\" rel=\"noopener noreferrer\"><img loading=\"lazy\" decoding=\"async\" width=\"225\" height=\"225\" src=\"data:image\/jpeg;base64,\/9j\/4AAQSkZJRgABAQAAAQABAAD\/2wCEAAkGBw0QEQ8QEBIPDQ8SEQ0PDxAPDg8ODQ4NFREWFhURFRUZHSggGBsnGxYVITEiJSkrLi4uFx8zODMvNygtLjcBCgoKDg0OFxAQGjIiICUrLS0tNy0wLSstMCstKy0tLysuLS0tLS0tKy0tLS0rLS8rKy0vLS0tLS0tKy0tLS0tLf\/AABEIAOEA4QMBEQACEQEDEQH\/xAAbAAEAAQUBAAAAAAAAAAAAAAAAAgEDBAYHBf\/EADsQAAICAAMDBgwFBAMAAAAAAAABAgMEESEFBjEyNWFxc7EHEhMiQUJRUoGRocEUIzNiYyRDctIlNNH\/xAAaAQEAAwEBAQAAAAAAAAAAAAAAAQIDBQQG\/8QAKREBAAIBAwMDBAMBAQAAAAAAAAECAwQRITEycQUiURIzQZETFKGxYf\/aAAwDAQACEQMRAD8A7iAAAAAAAAAAAAAAAAAAAAAAAAAAAAAAAAAAAAAAAAAAAAAAAAAAAAAAAAAAAAAAAAAAAAAAAAAAAAAAAAAAAAAAAAAAAAAAAAAAAAAAAAAAAAUckBHyiAmmAAAAAAAAAAAAAAAAAAAAAAAAAAAAAAs4zEwqhOybyjCMpSfsSWbCJnaN3JNq7exWLbnOyymp61UVTcEq\/RKclq5PicjNrL2nak7Q4ObWZMkz9M7QxcLj8TTLxqLrIS9y2craJ9DT1XXmUx6rJSeZ38q49TmpO++\/lvG7e+ldzVVy\/D4j3JPOE+muXrL6nUxZ6ZI4djBqqZf\/ACW4V2J8DZ6UwAAAAAAAAAAAAAAAAAAAAAAAAAAAa\/v5LLAYzsZmeXst4lln+1bxLllr1+C7jgxD52scLUpFohpEIWOMl4s140eK1ylF+2MvQzStZjmE\/T+Ye\/sLe\/E4TKNzli8MsvzEv6mlfvj6yXtWp0MWp\/F\/292HWzX25P26Xsra1OIhGdc42RfBxeaPY6cTExvD0EwlUAAAAAAAAAAAAAAAAAAAAAAAAAa7v\/zfjOxn3GeXst4lln+3bxLlV0tfl3HFrVwaxwsuRrFV9kGzWKp2UjNp5p5PoNPpW2X8BjbqJ+Uw01RZxlBrPC3dEo+q+lfQvSbY+nMLY73xTvWeHRt2d9qr2qbl+HxGWtc3pLphLhJHqpki0cOnh1FcnluNdifAu9CYAAAAAAAAAAAAAAAAAAAAAAABrnhA5vxnYWdxTJ2W8Ms327eHJ73r8u45VK8OHWOFls2iq+yLZpFVtlGy8QlQvEJJNSSjNeNFPNa+LOD96ElrF\/QTT8xxKJr+Y6tn3f3yxOFyje5YrDL+8l\/UUr+SPrL9yLVyTE7WerFq5r7cn7dN2VtanEQjZVONkZcJReaNnQiYmN4egmEqgAAAAAAAAAAAAAAAAAAAAAa54Qubsb2FncUyds+Geb7dvDkl71+XceDHHthxKRxC02bRC6OZeISoWiE7BfZITslWEmnmm0\/ahMRMbSbbsnZ2Luw8\/K4af4ex8ut5\/hb\/APKPqvpRTa1OnMFLXxTvXo6RuxvtViGqbl+HxKSzqm+V0wlwkjSt4tHDo4dRXJ5bjXYnwLN0wAAAAAAAAAAAAAAAAAAAAa34Qubsb2FvcVv2yzy9lvDkd71+C7keTHHthxqdIWjWIXULxCQnZIWDIJVSAlkBKUYySjNeNFPOOuU65e2EuMWZ2pvzHEqzXfn8tk2DvficJlG9yxeGX95LPEUr+SPrL9yFcm07WejFqpr7cn7dM2VtajEQjZVONkJcJReaZs6FbRaN4egmEqgAAAAAAAAAAAAAAAAADW\/CHzdjewt7iLdJZ5ey3hyK\/lfCPcjz4o9sORTpC2a7LKE7JCUqpAVSAlkBVIgSSI3FyDaea0ZWdp4lE8r2Autw8\/K4Waom3nOt\/wDWu\/yj6r6UZxNqdOYKXvinevR0Hdnfaq9qm5PDYlcarHl4\/TCXCSN6ZIt0dDDqKZPLca7E+Bd6EwAAAAAAAAAAAAAAAADW\/CHzdjewt7iLdGeXsnw5Dfx+Ee5GOLthyadsIGqxkEq5EiuRAkkBJIruJJEboSSK7iSREyJpFZlCtlMJpRmvGS1i88pwftjL0MytHO8cSrNd+XubF3qxWDyje5YvDLJeWis8RSv5I+sulGtNRtxd6cWrmvtyft0nZe1qcRCNlU42Qks1KLzTPU6MWiY3hnphKoAAAAAAAAAAAAAAGteETm7G9hb3ET0Z5eyfDkd3H4R7kZ4uyHJp2whkaLq5AVSIEkiBJIjcSSK7oSUSsyJqJG4molJlCaiVmRNRKTKFyGa1WhSZQrhPK0TduFmqJt5zref4a7rXqvpQpltj6cx8FMl8U706fDed3N8a7mqbk8NiVxqnwl0wlwkvqe\/Fmrk6Ong1NMvTifhttdifA1ehMAAAAAAAAAAAAAGteETm7Hdhb3ET0Z5eyfDkl3H4R7kZ4uyHKp2wikXWVSIE0iNxJIjdCSRXcSSImRNRKTKElErMiaiVmRNRKTKFxRKTKE4xKzKN16ECsyrMpXYOFsfFms8tYyWk4S9Eov0MpvzvHVnbnn8to3G2vbOMqbX41lM3VKXvpaxl8jrafL\/JSLT1djR5py4956xxLdUzZ6lQAAAAAAAAAAAA1rwic3Y7sLe4iejPL2T4cmtWvwj3Iyx9kOVTthRIuskkQJJFd0JJFdxZtxtMOVNZ+xav5IrNoVm0QxbNt1rkxlLraivuZzkUnLCxLbdr4RhH5tmU5FJyytvauIfrJdUUik5JVnJYW0L\/AH5fQznJKv8AJb5Tjjr\/AH5GU5J+Vf5LfLIqx+I99vrSZSctlZzWZlO1Llx8WXXHLuK\/z2V\/sWehRtf3ofGMvs\/\/AEf2PmEf2fmHoVbSoacnLxVFZy8ZZZL7stXJFlozVl6u4lM5SsuacVbY5xT4qGWUfojtaXHNMcRPXq7uhxTjxe7rPLo0OB6HsSAAAAAAAAAAAADW\/CJzdjewt7iJ6M8vZPhyixa\/CPcjHH2w5VO2FEi26yltsILOTUV0lZlEzs8zEbbXCuOf7paL5Gc3ZTk+HnXYy2fKk+paL5IzmzObTK0omc2VTUTOZV3TUSkyjdOMTObI3XYwMpsrMr8KzOZZzZkQrKTLObL8IFN2cyvKGqjk52PhXDldcn6qN8OnvlnasNcOnvlttWGy7E3Vna4zvyllk41xX5UP9n0s7mn0lMXPWX0Gl9Ppi5tzLouzNnRrS0PU6D0gAAAAAAAAAAAAAa34Q+bsb2FvcRbpLPL2T4cpuaWraSyjm3w4I89J9sOTXth4+M2zlpUs\/wB74fBETZW2T4eVZOUnnJuT9rZnNmUzuokZzKqaiUmyE1EzmUbriiUmyqcYmU2RMr0KzObKTZkQrKTLObMiFZnMs5svQhxeiS4yeiRERMq9Wbs7AXYh5Upwg+N0o+dJfxxfezqaf0+Z92Th09L6bbJ7r8R\/rfN3t1a6ktNXrKUtZyftb9J161isbVjZ3seKmOv01jZt2HwsYLRFmjIAAAAAAAAAAAAAAA1vwh83Y3sLe4rbpLPL2W8ODbWxE52STfmxySitEtEeKlvbDgxaZhhpETImomc2QmolJlXdNRKTZG65GJlNkbrkYGc2VmV+FZnMs5syIVlJlnNl+MCm7OZXVHJqOTnY+FceV1v3Ub4dPfLO0Q1w4L5bbVhsmxd1Z2uM78pZaxqX6UP9n1nc0+kpi56y+g0vp9MXNuZdB2bsiFaWiPU6D1owSAkAAAAAAAAAAAAAAAA1vwhc3Y3sLO4rftlnl7LeHBMevzJ9f2ObWfbD5+vRZUSJsbpqJnMo3XFEpNlVyMTKbI3XYVmc2UmzIhWUmWc2ZEKzOZZzZfhDi9Elxk9EviRETKvMszZuAuxDXkk4Q9N0l50v8F9zqab0+Z92Th09L6bbJ7r8R\/rfN3d1a6lydXrKUtZyftb9J161isbVjZ3seKmOv01jZt2HwsYLRFmjIAAAAAAAAAAAAAAAAAAGueELm7G9hZ3Fb9ss8327eHB8dH8yfX9jkVnh87HRaUSJsbriiZTZC5CBnNlZlfhWZzLObMiFZSZZzZfjApuzmV1Ryajk52Pk1R5WXtl7q6TfDp75Z2rDXDgvlttWGybF3Vna4yvyklrGpfpQ+HrPrO5p9JTFz1l9BpfT6Yubcy6Ds3ZEK0tEep0HrRgkBIAAAAAAAAAAAAAAAAAAANc8IPN+M7CzuKZOyfDPN9u3hwvGR\/Mn1\/Y4kW4fNxPCEYlJsTK9CszmVJsvwrM5lnNmRCspMs5svxhxeiS4yekV1siImVerM2bgLsQ0qk4Q9N0o+dLs19zqab0+Z92Th1NL6ba\/uvxH+t83e3VrqXJ1espPWUn7W\/SdetYrG1Yd3Hirjr9NY2bdh8LGC0RZoyAAAAAAAAAAAAAAAAAAAAAANc8IHN+M7GzuKZey3iWWb7dvEuI4qHny6\/sfPbvmt+CFZSZUmzIhWUmWc2ZEYFN2cyuqOTUcpWWPk1Q5T6W+EV1m2HT3yztWGuHBfLbasbtj2LutZa4yvSllk41r9KH+z6zuafSUxc9ZfQaX0+mL3W5l0HZuyIVpaHrdB60YJASAAAAAAAAAAAAAAAAAAAAAAAa7v8v+PxnYzM8vZbxLLP8Aat4lxq+vz5dZ83MvlJslCszmVJsvwh6dElxb0SIiJlTqy9nYG7EPKlOEPTdJay7OP3f1OppvT5n3ZOP+uppfTbZPdfiP9b7u9urXUuGr1lJ6yk\/a2detIrG1Y2d7Hipjr9NY2bdh8LGC0RZoyAAAAAAAAAAAAAAAAAAAAAAAAABg7Ywcb6bKpcmcJQfU0EWrFomJcW2hgLMPN13ryc4+apvPyV0FpGcZe3LimfP6nSXx2naN4fLanSZMVp44+ViHit+LH86fohV5zfW+CRji0uTJPEMsWnyZZ2rDZNi7q2WuMr8n6Y1R\/Sh1+8+k7en0lMXPWXe0vp9MXNuZdC2bseFaWiPW6L1oQSAkAAAAAAAAAAAAAAAAAAAAAAAAAAFGgPPx+y67VlKKl0NJoDBo3cpg9Ixj1RSA9fD4WMFogMgAAAAAAAAAAAAAAAAAAAAAAAAAAAAAAAAAAAAAAAAAAAAAAAAAAAAAAAAAAAAAAAAAAAAAAAAAAAAAAAAAAAAAAAAAAAAAAAAAAAAAAAAAAAAAAAAAAAAAAAAAAAAAAAAAAAAAAAAAAAAAAAAAAAAAAAAAAAAAAf\/Z\" alt=\"\" class=\"size-medium alignnone\" \/><\/a><\/p>\n<\/div><\/div><\/div><div class=\"et_pb_column_2 et_pb_column et_pb_column_1_2 et-last-child et_block_column et_pb_css_mix_blend_mode_passthrough\"><div class=\"et_pb_text_2 et_pb_text et_pb_bg_layout_light et_pb_module et_block_module\"><div class=\"et_pb_text_inner\"><h3 class=\"a-subtitle a-subtitle--alt\"><a href=\"https:\/\/www.nejm.org\/action\/showMediaPlayer?doi=10.1056%2FNEJMdo005833&amp;aid=10.1056%2FNEJMp2002908&amp;viewType=Popup&amp;viewClass=Audio&amp;ctype=audiointerview&amp;area=production\" target=\"_blank\" rel=\"noopener noreferrer\"><\/a><a href=\"https:\/\/www.nejm.org\/action\/showMediaPlayer?doi=10.1056%2FNEJMdo005913&amp;aid=10.1056%2FNEJMp2031110&amp;viewType=Popup&amp;viewClass=Audio&amp;ctype=audiointerview&amp;area=production\" target=\"_blank\" rel=\"noopener noreferrer\">Audio Interview<\/a><\/h3>\n<p><a href=\"https:\/\/www.nejm.org\/action\/showMediaPlayer?doi=10.1056%2FNEJMdo005913&amp;aid=10.1056%2FNEJMp2031110&amp;viewType=Popup&amp;viewClass=Audio&amp;ctype=audiointerview&amp;area=production\" target=\"_blank\" rel=\"noopener noreferrer\">Interview with Dr. Jay Hoofnagle on the discovery of hepatitis C and progress in preventing and treating chronic infection.\u00a0(14:28)<\/a><\/p>\n<\/div><\/div><\/div><\/div><div class=\"et_pb_row_2 et_pb_row et_block_row\"><div class=\"et_pb_column_3 et_pb_column et_pb_column_4_4 et-last-child et_block_column et_pb_css_mix_blend_mode_passthrough\"><div class=\"et_pb_text_3 et_pb_text et_pb_bg_layout_light et_pb_module et_block_module\"><div class=\"et_pb_text_inner\"><p><strong>The bibliographic file:<\/strong><\/p>\n<p><span>Dr. Jay Hoofnagle. (2020). Interview with Dr. Jay Hoofnagle on the discovery of hepatitis C and progress in preventing and treating chronic infection.. 2020, de Managing Editor of the Journal Sitio web: https:\/\/www.nejm.org\/action\/showMediaPlayer?doi=10.1056%2FNEJMdo005913&amp;aid=10.1056%2FNEJMp2031110&amp;viewType=Popup&amp;viewClass=Audio&amp;ctype=audiointerview&amp;area=production<\/span><\/p>\n<\/div><\/div><\/div><\/div><\/div><div class=\"et_pb_section_2 et_pb_section et_section_regular et_block_section\"><div class=\"et_pb_row_3 et_pb_row et_block_row\"><div class=\"et_pb_column_4 et_pb_column et_pb_column_4_4 et-last-child et_block_column et_pb_css_mix_blend_mode_passthrough\"><div class=\"et_pb_code_0 et_pb_code et_pb_module\"><div class=\"et_pb_code_inner\"><!-- Begin Mailchimp Signup Form -->\n<link href=\"\/\/cdn-images.mailchimp.com\/embedcode\/slim-10_7.css\" rel=\"stylesheet\" type=\"text\/css\">\n<style type=\"text\/css\">\n\t#mc_embed_signup{background:#aec7ff; clear:left; font:14px Helvetica,Arial,sans-serif; }\n\t\/* Add your own Mailchimp form style overrides in your site stylesheet or in this style block.\n\t   We recommend moving this block and the preceding CSS link to the HEAD of your HTML file. *\/\n<\/style>\n<div id=\"mc_embed_signup\">\n<form action=\"https:\/\/biotechsa.us20.list-manage.com\/subscribe\/post?u=8ea663bff4a97c9e57969f325&#038;id=75db4c7051\" method=\"post\" id=\"mc-embedded-subscribe-form\" name=\"mc-embedded-subscribe-form\" class=\"validate\" target=\"_blank\" novalidate>\n    <div id=\"mc_embed_signup_scroll\">\n\t<label for=\"mce-EMAIL\">Suscribete y recibe en tu correo noticias relevantes y ofertas especiales de nuestros productos<\/label>\n\t<input type=\"email\" value=\"\" name=\"EMAIL\" class=\"email\" id=\"mce-EMAIL\" placeholder=\"email address\" required>\n    <!-- real people should not fill this in and expect good things - do not remove this or risk form bot signups-->\n    <div style=\"position: absolute; left: -5000px;\" aria-hidden=\"true\"><input type=\"text\" name=\"b_8ea663bff4a97c9e57969f325_75db4c7051\" tabindex=\"-1\" value=\"\"><\/div>\n    <div class=\"clear\"><input type=\"submit\" value=\"Subscribe\" name=\"subscribe\" id=\"mc-embedded-subscribe\" class=\"button\"><\/div>\n    <\/div>\n<\/form>\n<\/div>\n\n<!--End mc_embed_signup--><\/div><\/div><\/div><\/div><\/div><div class=\"et_pb_section_3 et_pb_section et_section_regular et_block_section\"><div class=\"et_pb_row_4 et_pb_row et_block_row\"><div class=\"et_pb_column_5 et_pb_column et_pb_column_1_2 et_block_column et_pb_css_mix_blend_mode_passthrough\"><div class=\"et_pb_post_slider_0 et_pb_post_slider et_pb_bg_layout_dark et_pb_slider et_pb_slider_fullwidth_off et_pb_post_slider_image_background et_pb_slider_with_overlay et_pb_module et_block_module\"><div class=\"et_pb_slides\"><div class=\"et_pb_slide et_pb_post_slide-870\" style=\"background-image:url(https:\/\/biotechsa.com\/2\/wp-content\/uploads\/2020\/03\/Los-m\u00e9dicos-tardan-en-usar-antibi\u00f3ticos-nuevos-y-efectivos-contra-las-superbacterias-biotechsa.jpg)\"><div class=\"et_pb_slide_overlay_container\"><\/div><div class=\"et_pb_container clearfix\"><div class=\"et_pb_slider_container_inner\"><div class=\"et_pb_slide_description\"><h2 class=\"et_pb_slide_title\"><a href=\"https:\/\/biotechsa.com\/2\/noticias\/los-medicos-tardan-en-usar-antibioticos-nuevos-y-efectivos-contra-las-superbacterias\/\">Los m\u00e9dicos tardan en usar antibi\u00f3ticos nuevos y efectivos contra las superbacterias.<\/a><\/h2><div class=\"et_pb_slide_content\"><p class=\"post-meta\">by <span class=\"author vcard\"><a href=\"https:\/\/biotechsa.com\/2\/author\/biotechsa\/\" title=\"Posts by Biotechsa\" rel=\"author\">Biotechsa<\/a><\/span> | <span class=\"published\">marzo 20, 2020<\/span> | <a href=\"https:\/\/biotechsa.com\/2\/category\/noticias\/\" rel=\"category tag\">Noticias<\/a> | 0 Comments<\/p><div class=\"et_pb_slide_content_body\"><p>Los m\u00e9dicos tardan en usar antibi\u00f3ticos nuevos y&#8230;<\/p>\n<\/div><\/div><div class=\"et_pb_button_wrapper\"><a class=\"et_pb_button et_pb_more_button\" href=\"https:\/\/biotechsa.com\/2\/noticias\/los-medicos-tardan-en-usar-antibioticos-nuevos-y-efectivos-contra-las-superbacterias\/\">M\u00e1s informaci\u00f3n<\/a><\/div><\/div><\/div><\/div><\/div><div class=\"et_pb_slide et_pb_post_slide-1537\" style=\"background-image:url(https:\/\/biotechsa.com\/2\/wp-content\/uploads\/2020\/07\/biofilm.jpg)\"><div class=\"et_pb_slide_overlay_container\"><\/div><div class=\"et_pb_container clearfix\"><div class=\"et_pb_slider_container_inner\"><div class=\"et_pb_slide_description\"><h2 class=\"et_pb_slide_title\"><a href=\"https:\/\/biotechsa.com\/2\/noticias\/por-qulas-fuerzas-mecanicas-dan-forma-a-los-patrones-desconcertantes-de-las-biopeliculas-bacterianase-el-uso-excesivo-de-antibioticos-en-covid-19-podria-tener-un-impacto-duradero-en-la-atencion-medica\/\">Las fuerzas mec\u00e1nicas dan forma a los patrones desconcertantes de las biopel\u00edculas bacterianas<\/a><\/h2><div class=\"et_pb_slide_content\"><p class=\"post-meta\">by <span class=\"author vcard\"><a href=\"https:\/\/biotechsa.com\/2\/author\/biotechsa\/\" title=\"Posts by Biotechsa\" rel=\"author\">Biotechsa<\/a><\/span> | <span class=\"published\">julio 8, 2020<\/span> | <a href=\"https:\/\/biotechsa.com\/2\/category\/noticias\/\" rel=\"category tag\">Noticias<\/a> | 0 Comments<\/p><div class=\"et_pb_slide_content_body\"><p>Science Daily ha informado sobre un estudio&#8230;<\/p>\n<\/div><\/div><div class=\"et_pb_button_wrapper\"><a class=\"et_pb_button et_pb_more_button\" href=\"https:\/\/biotechsa.com\/2\/noticias\/por-qulas-fuerzas-mecanicas-dan-forma-a-los-patrones-desconcertantes-de-las-biopeliculas-bacterianase-el-uso-excesivo-de-antibioticos-en-covid-19-podria-tener-un-impacto-duradero-en-la-atencion-medica\/\">M\u00e1s informaci\u00f3n<\/a><\/div><\/div><\/div><\/div><\/div><div class=\"et_pb_slide et_pb_post_slide-2150\" style=\"background-image:url(https:\/\/biotechsa.com\/2\/wp-content\/uploads\/2020\/10\/For-vampire-bats-social-distancing-while-sick-comes-naturally-Biotechsa.jpg)\"><div class=\"et_pb_slide_overlay_container\"><\/div><div class=\"et_pb_container clearfix\"><div class=\"et_pb_slider_container_inner\"><div class=\"et_pb_slide_description\"><h2 class=\"et_pb_slide_title\"><a href=\"https:\/\/biotechsa.com\/2\/noticias\/for-vampire-bats-social-distancing-while-sick-comes-naturally\/\">For vampire bats, social distancing while sick comes naturally<\/a><\/h2><div class=\"et_pb_slide_content\"><p class=\"post-meta\">by <span class=\"author vcard\"><a href=\"https:\/\/biotechsa.com\/2\/author\/biotechsa\/\" title=\"Posts by Biotechsa\" rel=\"author\">Biotechsa<\/a><\/span> | <span class=\"published\">octubre 29, 2020<\/span> | <a href=\"https:\/\/biotechsa.com\/2\/category\/noticias\/\" rel=\"category tag\">Noticias<\/a> | 0 Comments<\/p><div class=\"et_pb_slide_content_body\"><p>ScienceDaily recently featured a study conducted&#8230;<\/p>\n<\/div><\/div><div class=\"et_pb_button_wrapper\"><a class=\"et_pb_button et_pb_more_button\" href=\"https:\/\/biotechsa.com\/2\/noticias\/for-vampire-bats-social-distancing-while-sick-comes-naturally\/\">M\u00e1s informaci\u00f3n<\/a><\/div><\/div><\/div><\/div><\/div><div class=\"et_pb_slide et_pb_post_slide-4086\" style=\"background-image:url(https:\/\/biotechsa.com\/2\/wp-content\/uploads\/2021\/11\/Global-antibiotic-consumption-rates-have-increased-by-46-percent-since-2000-biotechsa-mx.jpg)\"><div class=\"et_pb_slide_overlay_container\"><\/div><div class=\"et_pb_container clearfix\"><div class=\"et_pb_slider_container_inner\"><div class=\"et_pb_slide_description\"><h2 class=\"et_pb_slide_title\"><a href=\"https:\/\/biotechsa.com\/2\/noticias\/global-antibiotic-consumption-rates-have-increased-by-46-percent-since-2000\/\">Global antibiotic consumption rates have increased by 46 percent since 2000<\/a><\/h2><div class=\"et_pb_slide_content\"><p class=\"post-meta\">by <span class=\"author vcard\"><a href=\"https:\/\/biotechsa.com\/2\/author\/biotechsa\/\" title=\"Posts by Biotechsa\" rel=\"author\">Biotechsa<\/a><\/span> | <span class=\"published\">noviembre 25, 2021<\/span> | <a href=\"https:\/\/biotechsa.com\/2\/category\/noticias\/\" rel=\"category tag\">Noticias<\/a> | 0 Comments<\/p><div class=\"et_pb_slide_content_body\"><p>According to a new study recently shared by&#8230;<\/p>\n<\/div><\/div><div class=\"et_pb_button_wrapper\"><a class=\"et_pb_button et_pb_more_button\" href=\"https:\/\/biotechsa.com\/2\/noticias\/global-antibiotic-consumption-rates-have-increased-by-46-percent-since-2000\/\">M\u00e1s informaci\u00f3n<\/a><\/div><\/div><\/div><\/div><\/div><div class=\"et_pb_slide et_pb_post_slide-1970\" style=\"background-image:url(https:\/\/biotechsa.com\/2\/wp-content\/uploads\/2020\/10\/Interview-with-Dr.-Michael-Greene-on-considerations-regarding-the-consent-process-for-procedures-performed-by-medical-students-and-residents..jpg)\"><div class=\"et_pb_slide_overlay_container\"><\/div><div class=\"et_pb_container clearfix\"><div class=\"et_pb_slider_container_inner\"><div class=\"et_pb_slide_description\"><h2 class=\"et_pb_slide_title\"><a href=\"https:\/\/biotechsa.com\/2\/noticias\/interview-with-dr-michael-greene-on-considerations-regarding-the-consent-process-for-procedures-performed-by-medical-students-and-residents\/\">Interview with Dr. Michael Greene on considerations regarding the consent process for procedures performed by medical students and residents.<\/a><\/h2><div class=\"et_pb_slide_content\"><p class=\"post-meta\">by <span class=\"author vcard\"><a href=\"https:\/\/biotechsa.com\/2\/author\/biotechsa\/\" title=\"Posts by Biotechsa\" rel=\"author\">Biotechsa<\/a><\/span> | <span class=\"published\">octubre 1, 2020<\/span> | <a href=\"https:\/\/biotechsa.com\/2\/category\/noticias\/\" rel=\"category tag\">Noticias<\/a>, <a href=\"https:\/\/biotechsa.com\/2\/category\/webinar\/entrevistas\/\" rel=\"category tag\">Entrevistas (Audio)<\/a> | 0 Comments<\/p><div class=\"et_pb_slide_content_body\"><p>Michael Greene is a member of the Department of&#8230;<\/p>\n<\/div><\/div><div class=\"et_pb_button_wrapper\"><a class=\"et_pb_button et_pb_more_button\" href=\"https:\/\/biotechsa.com\/2\/noticias\/interview-with-dr-michael-greene-on-considerations-regarding-the-consent-process-for-procedures-performed-by-medical-students-and-residents\/\">M\u00e1s informaci\u00f3n<\/a><\/div><\/div><\/div><\/div><\/div><div class=\"et_pb_slide et_pb_post_slide-3317\" style=\"background-image:url(https:\/\/biotechsa.com\/2\/wp-content\/uploads\/2021\/04\/Still-not-enough-antibiotics-in-the-works-to-fight-superbugs-WHO-says-biotechsa.jpg)\"><div class=\"et_pb_slide_overlay_container\"><\/div><div class=\"et_pb_container clearfix\"><div class=\"et_pb_slider_container_inner\"><div class=\"et_pb_slide_description\"><h2 class=\"et_pb_slide_title\"><a href=\"https:\/\/biotechsa.com\/2\/noticias\/still-not-enough-antibiotics-in-the-works-to-fight-superbugs-who-says\/\">Still not enough antibiotics in the works to fight superbugs, WHO says<\/a><\/h2><div class=\"et_pb_slide_content\"><p class=\"post-meta\">by <span class=\"author vcard\"><a href=\"https:\/\/biotechsa.com\/2\/author\/biotechsa\/\" title=\"Posts by Biotechsa\" rel=\"author\">Biotechsa<\/a><\/span> | <span class=\"published\">abril 27, 2021<\/span> | <a href=\"https:\/\/biotechsa.com\/2\/category\/noticias\/\" rel=\"category tag\">Noticias<\/a> | 0 Comments<\/p><div class=\"et_pb_slide_content_body\"><p>In a new report shared by Becker\u2019s Hospital&#8230;<\/p>\n<\/div><\/div><div class=\"et_pb_button_wrapper\"><a class=\"et_pb_button et_pb_more_button\" href=\"https:\/\/biotechsa.com\/2\/noticias\/still-not-enough-antibiotics-in-the-works-to-fight-superbugs-who-says\/\">M\u00e1s informaci\u00f3n<\/a><\/div><\/div><\/div><\/div><\/div><div class=\"et_pb_slide et_pb_post_slide-1440\" style=\"background-image:url(https:\/\/biotechsa.com\/2\/wp-content\/uploads\/2020\/06\/El-estilo-de-vida-bacteriano-altera-la-evoluci\u00f3n-de-la-resistencia-a-los-antibi\u00f3ticos..jpg)\"><div class=\"et_pb_slide_overlay_container\"><\/div><div class=\"et_pb_container clearfix\"><div class=\"et_pb_slider_container_inner\"><div class=\"et_pb_slide_description\"><h2 class=\"et_pb_slide_title\"><a href=\"https:\/\/biotechsa.com\/2\/noticias\/el-estilo-de-vida-bacteriano-altera-la-evolucion-de-la-resistencia-a-los-antibioticos\/\">El estilo de vida bacteriano altera la evoluci\u00f3n de la resistencia a los antibi\u00f3ticos.<\/a><\/h2><div class=\"et_pb_slide_content\"><p class=\"post-meta\">by <span class=\"author vcard\"><a href=\"https:\/\/biotechsa.com\/2\/author\/biotechsa\/\" title=\"Posts by Biotechsa\" rel=\"author\">Biotechsa<\/a><\/span> | <span class=\"published\">junio 17, 2020<\/span> | <a href=\"https:\/\/biotechsa.com\/2\/category\/noticias\/\" rel=\"category tag\">Noticias<\/a> | 0 Comments<\/p><div class=\"et_pb_slide_content_body\"><p>Investigadores de la Facultad de Medicina de la&#8230;<\/p>\n<\/div><\/div><div class=\"et_pb_button_wrapper\"><a class=\"et_pb_button et_pb_more_button\" href=\"https:\/\/biotechsa.com\/2\/noticias\/el-estilo-de-vida-bacteriano-altera-la-evolucion-de-la-resistencia-a-los-antibioticos\/\">M\u00e1s informaci\u00f3n<\/a><\/div><\/div><\/div><\/div><\/div><div class=\"et_pb_slide et_pb_post_slide-1817\" style=\"background-image:url(https:\/\/biotechsa.com\/2\/wp-content\/uploads\/2020\/09\/Treating-COVID-19-may-increase-antibiotic-resistance-1.jpg)\"><div class=\"et_pb_slide_overlay_container\"><\/div><div class=\"et_pb_container clearfix\"><div class=\"et_pb_slider_container_inner\"><div class=\"et_pb_slide_description\"><h2 class=\"et_pb_slide_title\"><a href=\"https:\/\/biotechsa.com\/2\/noticias\/treating-covid-19-may-increase-antibiotic-resistance\/\">Treating COVID-19 may increase antibiotic resistance<\/a><\/h2><div class=\"et_pb_slide_content\"><p class=\"post-meta\">by <span class=\"author vcard\"><a href=\"https:\/\/biotechsa.com\/2\/author\/biotechsa\/\" title=\"Posts by Biotechsa\" rel=\"author\">Biotechsa<\/a><\/span> | <span class=\"published\">septiembre 10, 2020<\/span> | <a href=\"https:\/\/biotechsa.com\/2\/category\/noticias\/\" rel=\"category tag\">Noticias<\/a> | 0 Comments<\/p><div class=\"et_pb_slide_content_body\"><p>According to a study shared by Medical News&#8230;<\/p>\n<\/div><\/div><div class=\"et_pb_button_wrapper\"><a class=\"et_pb_button et_pb_more_button\" href=\"https:\/\/biotechsa.com\/2\/noticias\/treating-covid-19-may-increase-antibiotic-resistance\/\">M\u00e1s informaci\u00f3n<\/a><\/div><\/div><\/div><\/div><\/div><div class=\"et_pb_slide et_pb_post_slide-3584\" style=\"background-image:url(https:\/\/biotechsa.com\/2\/wp-content\/uploads\/2021\/08\/Reducing-antibiotic-use-in-primary-care-may-be-insufficient-alone-to-curtail-antimicrobial-resistance.jpg)\"><div class=\"et_pb_slide_overlay_container\"><\/div><div class=\"et_pb_container clearfix\"><div class=\"et_pb_slider_container_inner\"><div class=\"et_pb_slide_description\"><h2 class=\"et_pb_slide_title\"><a href=\"https:\/\/biotechsa.com\/2\/noticias\/reducing-antibiotic-use-in-primary-care-may-be-insufficient-alone-to-curtail-antimicrobial-resistance\/\">Reducing antibiotic use in primary care may be insufficient alone to curtail antimicrobial resistance<\/a><\/h2><div class=\"et_pb_slide_content\"><p class=\"post-meta\">by <span class=\"author vcard\"><a href=\"https:\/\/biotechsa.com\/2\/author\/biotechsa\/\" title=\"Posts by Biotechsa\" rel=\"author\">Biotechsa<\/a><\/span> | <span class=\"published\">agosto 12, 2021<\/span> | <a href=\"https:\/\/biotechsa.com\/2\/category\/noticias\/\" rel=\"category tag\">Noticias<\/a> | 0 Comments<\/p><div class=\"et_pb_slide_content_body\"><p>Medical Xpress reported on the recent findings&#8230;<\/p>\n<\/div><\/div><div class=\"et_pb_button_wrapper\"><a class=\"et_pb_button et_pb_more_button\" href=\"https:\/\/biotechsa.com\/2\/noticias\/reducing-antibiotic-use-in-primary-care-may-be-insufficient-alone-to-curtail-antimicrobial-resistance\/\">M\u00e1s informaci\u00f3n<\/a><\/div><\/div><\/div><\/div><\/div><div class=\"et_pb_slide et_pb_post_slide-4014\" style=\"background-image:url(https:\/\/biotechsa.com\/2\/wp-content\/uploads\/2021\/11\/Antibiotic-resistance-is-at-a-crisis-point-\u2013-government-support-for-academia-and-Big-Pharma-to-find-new-drugs-could-help-defeat-superbugs-biotechsa.jpg)\"><div class=\"et_pb_slide_overlay_container\"><\/div><div class=\"et_pb_container clearfix\"><div class=\"et_pb_slider_container_inner\"><div class=\"et_pb_slide_description\"><h2 class=\"et_pb_slide_title\"><a href=\"https:\/\/biotechsa.com\/2\/noticias\/antibiotic-resistance-is-at-a-crisis-point-government-support-for-academia-and-big-pharma-to-find-new-drugs-could-help-defeat-superbugs\/\">Antibiotic resistance is at a crisis point \u2013 government support for academia and Big Pharma to find new drugs could help defeat superbugs<\/a><\/h2><div class=\"et_pb_slide_content\"><p class=\"post-meta\">by <span class=\"author vcard\"><a href=\"https:\/\/biotechsa.com\/2\/author\/biotechsa\/\" title=\"Posts by Biotechsa\" rel=\"author\">Biotechsa<\/a><\/span> | <span class=\"published\">noviembre 11, 2021<\/span> | <a href=\"https:\/\/biotechsa.com\/2\/category\/noticias\/\" rel=\"category tag\">Noticias<\/a> | 0 Comments<\/p><div class=\"et_pb_slide_content_body\"><p>In an article recently published on The&#8230;<\/p>\n<\/div><\/div><div class=\"et_pb_button_wrapper\"><a class=\"et_pb_button et_pb_more_button\" href=\"https:\/\/biotechsa.com\/2\/noticias\/antibiotic-resistance-is-at-a-crisis-point-government-support-for-academia-and-big-pharma-to-find-new-drugs-could-help-defeat-superbugs\/\">M\u00e1s informaci\u00f3n<\/a><\/div><\/div><\/div><\/div><\/div><\/div><\/div><\/div><div class=\"et_pb_column_6 et_pb_column et_pb_column_1_2 et-last-child et_block_column et_pb_css_mix_blend_mode_passthrough\"><div class=\"et_pb_post_slider_1 et_pb_post_slider et_pb_bg_layout_dark et_pb_slider et_pb_slider_fullwidth_off et_pb_post_slider_image_background et_pb_slider_with_overlay et_pb_module et_block_module\"><div class=\"et_pb_slides\"><div class=\"et_pb_slide et_pb_slide_with_no_image et_pb_post_slide-2758\" style=\"background-image:\"><div class=\"et_pb_slide_overlay_container\"><\/div><div class=\"et_pb_container clearfix\"><div class=\"et_pb_slider_container_inner\"><div class=\"et_pb_slide_description\"><h2 class=\"et_pb_slide_title\"><a href=\"https:\/\/biotechsa.com\/2\/articulos-cientificos\/articulos-stimulan\/locally-delivered-tailored-antibiotics-for-salvage-of-chronic-diabetic-feet-infections\/\">LOCALLY DELIVERED TAILORED ANTIBIOTICS FOR SALVAGE OF CHRONIC DIABETIC FEET INFECTIONS<\/a><\/h2><div class=\"et_pb_slide_content\"><p class=\"post-meta\">by <span class=\"author vcard\"><a href=\"https:\/\/biotechsa.com\/2\/author\/biotechsa\/\" title=\"Posts by Biotechsa\" rel=\"author\">Biotechsa<\/a><\/span> | <span class=\"published\">febrero 18, 2021<\/span> | <a href=\"https:\/\/biotechsa.com\/2\/category\/articulos-cientificos\/\" rel=\"category tag\">Art\u00edculos Cient\u00edficos<\/a>, <a href=\"https:\/\/biotechsa.com\/2\/category\/articulos-cientificos\/articulos-stimulan\/\" rel=\"category tag\">Art\u00edculos STIMULAN<\/a> | 0 Comments<\/p><div class=\"et_pb_slide_content_body\"><p>71.-Locally-delivered-tailored&#8230;<\/p>\n<\/div><\/div><div class=\"et_pb_button_wrapper\"><a class=\"et_pb_button et_pb_more_button\" href=\"https:\/\/biotechsa.com\/2\/articulos-cientificos\/articulos-stimulan\/locally-delivered-tailored-antibiotics-for-salvage-of-chronic-diabetic-feet-infections\/\">Read More<\/a><\/div><\/div><\/div><\/div><\/div><div class=\"et_pb_slide et_pb_post_slide-5198\" style=\"background-image:url(https:\/\/biotechsa.com\/2\/wp-content\/uploads\/2022\/06\/IMAGEN-stimulan-antibioticos-biotechsa.png)\"><div class=\"et_pb_slide_overlay_container\"><\/div><div class=\"et_pb_container clearfix\"><div class=\"et_pb_slider_container_inner\"><div class=\"et_pb_slide_description\"><h2 class=\"et_pb_slide_title\"><a href=\"https:\/\/biotechsa.com\/2\/articulos-cientificos\/articulos-stimulan\/estabilidad-de-antibioticos-en-un-portador-de-sulfato-de-calcio-sintetico-para-administracion-local\/\">Estabilidad de antibi\u00f3ticos en un portador de sulfato de calcio sint\u00e9tico para administraci\u00f3n local<\/a><\/h2><div class=\"et_pb_slide_content\"><p class=\"post-meta\">by <span class=\"author vcard\"><a href=\"https:\/\/biotechsa.com\/2\/author\/biotechsa\/\" title=\"Posts by Biotechsa\" rel=\"author\">Biotechsa<\/a><\/span> | <span class=\"published\">junio 14, 2022<\/span> | <a href=\"https:\/\/biotechsa.com\/2\/category\/articulos-cientificos\/articulos-stimulan\/\" rel=\"category tag\">Art\u00edculos STIMULAN<\/a>, <a href=\"https:\/\/biotechsa.com\/2\/category\/articulos-cientificos\/\" rel=\"category tag\">Art\u00edculos Cient\u00edficos<\/a> | 0 Comments<\/p><div class=\"et_pb_slide_content_body\"><p>Estabilidad-de-antibioticos-en&#8230;<\/p>\n<\/div><\/div><div class=\"et_pb_button_wrapper\"><a class=\"et_pb_button et_pb_more_button\" href=\"https:\/\/biotechsa.com\/2\/articulos-cientificos\/articulos-stimulan\/estabilidad-de-antibioticos-en-un-portador-de-sulfato-de-calcio-sintetico-para-administracion-local\/\">Read More<\/a><\/div><\/div><\/div><\/div><\/div><div class=\"et_pb_slide et_pb_post_slide-7895\" style=\"background-image:url(https:\/\/biotechsa.com\/2\/wp-content\/uploads\/2024\/09\/Cirugia-plastica-reconstructiva.png)\"><div class=\"et_pb_slide_overlay_container\"><\/div><div class=\"et_pb_container clearfix\"><div class=\"et_pb_slider_container_inner\"><div class=\"et_pb_slide_description\"><h2 class=\"et_pb_slide_title\"><a href=\"https:\/\/biotechsa.com\/2\/articulos-cientificos\/articulos-stimulan\/el-uso-de-stimulan-en-cirugia-plastica-reconstructiva-un-estado-del-arte\/\">El uso de STIMULAN en cirug\u00eda pl\u00e1stica reconstructiva: Un estado del arte<\/a><\/h2><div class=\"et_pb_slide_content\"><p class=\"post-meta\">by <span class=\"author vcard\"><a href=\"https:\/\/biotechsa.com\/2\/author\/biotechsa\/\" title=\"Posts by Biotechsa\" rel=\"author\">Biotechsa<\/a><\/span> | <span class=\"published\">septiembre 13, 2024<\/span> | <a href=\"https:\/\/biotechsa.com\/2\/category\/articulos-cientificos\/\" rel=\"category tag\">Art\u00edculos Cient\u00edficos<\/a>, <a href=\"https:\/\/biotechsa.com\/2\/category\/articulos-cientificos\/articulos-stimulan\/\" rel=\"category tag\">Art\u00edculos STIMULAN<\/a> | 0 Comments<\/p><div class=\"et_pb_slide_content_body\"><p>El sulfato de calcio se usa&#8230;<\/p>\n<\/div><\/div><div class=\"et_pb_button_wrapper\"><a class=\"et_pb_button et_pb_more_button\" href=\"https:\/\/biotechsa.com\/2\/articulos-cientificos\/articulos-stimulan\/el-uso-de-stimulan-en-cirugia-plastica-reconstructiva-un-estado-del-arte\/\">Read More<\/a><\/div><\/div><\/div><\/div><\/div><div class=\"et_pb_slide et_pb_post_slide-5461\" style=\"background-image:url(https:\/\/biotechsa.com\/2\/wp-content\/uploads\/2022\/08\/Vertebroplastia-con-injerto-oseo-compuesto-de-calcio-combinado-con-fijacion-de-tornillos-pediculares-en-fracturas-toracolumbares-biotechsa.png)\"><div class=\"et_pb_slide_overlay_container\"><\/div><div class=\"et_pb_container clearfix\"><div class=\"et_pb_slider_container_inner\"><div class=\"et_pb_slide_description\"><h2 class=\"et_pb_slide_title\"><a href=\"https:\/\/biotechsa.com\/2\/articulos-cientificos\/articulos-genex\/vertebroplastia-con-injerto-oseo-compuesto-de-calcio-combinado-con-fijacion-de-tornillos-pediculares-en-fracturas-toracolumbares\/\">Vertebroplastia con injerto \u00f3seo compuesto de calcio combinado con fijaci\u00f3n de tornillos pediculares en fracturas toracolumbares<\/a><\/h2><div class=\"et_pb_slide_content\"><p class=\"post-meta\">by <span class=\"author vcard\"><a href=\"https:\/\/biotechsa.com\/2\/author\/biotechsa\/\" title=\"Posts by Biotechsa\" rel=\"author\">Biotechsa<\/a><\/span> | <span class=\"published\">agosto 12, 2022<\/span> | <a href=\"https:\/\/biotechsa.com\/2\/category\/articulos-cientificos\/\" rel=\"category tag\">Art\u00edculos Cient\u00edficos<\/a>, <a href=\"https:\/\/biotechsa.com\/2\/category\/articulos-cientificos\/articulos-genex\/\" rel=\"category tag\">Art\u00edculos Genex<\/a> | 0 Comments<\/p><div class=\"et_pb_slide_content_body\"><p>Vertebroplastia-con-injerto-os&#8230;<\/p>\n<\/div><\/div><div class=\"et_pb_button_wrapper\"><a class=\"et_pb_button et_pb_more_button\" href=\"https:\/\/biotechsa.com\/2\/articulos-cientificos\/articulos-genex\/vertebroplastia-con-injerto-oseo-compuesto-de-calcio-combinado-con-fijacion-de-tornillos-pediculares-en-fracturas-toracolumbares\/\">Read More<\/a><\/div><\/div><\/div><\/div><\/div><div class=\"et_pb_slide et_pb_post_slide-9286\" style=\"background-image:url(https:\/\/biotechsa.com\/2\/wp-content\/uploads\/2025\/02\/Implante-mamario.png)\"><div class=\"et_pb_slide_overlay_container\"><\/div><div class=\"et_pb_container clearfix\"><div class=\"et_pb_slider_container_inner\"><div class=\"et_pb_slide_description\"><h2 class=\"et_pb_slide_title\"><a href=\"https:\/\/biotechsa.com\/2\/articulos-cientificos\/articulos-stimulan\/rescate-de-implante-mamario-infectado-con-sulfato-de-calcio\/\">El rescate de implantes mamarios infectados: una alternativa sin antibi\u00f3ticos intravenoso<\/a><\/h2><div class=\"et_pb_slide_content\"><p class=\"post-meta\">by <span class=\"author vcard\"><a href=\"https:\/\/biotechsa.com\/2\/author\/biotechsa\/\" title=\"Posts by Biotechsa\" rel=\"author\">Biotechsa<\/a><\/span> | <span class=\"published\">febrero 27, 2025<\/span> | <a href=\"https:\/\/biotechsa.com\/2\/category\/articulos-cientificos\/articulos-stimulan\/\" rel=\"category tag\">Art\u00edculos STIMULAN<\/a> | 0 Comments<\/p><div class=\"et_pb_slide_content_body\"><p>El tratamiento convencional&#8230;<\/p>\n<\/div><\/div><div class=\"et_pb_button_wrapper\"><a class=\"et_pb_button et_pb_more_button\" href=\"https:\/\/biotechsa.com\/2\/articulos-cientificos\/articulos-stimulan\/rescate-de-implante-mamario-infectado-con-sulfato-de-calcio\/\">Read More<\/a><\/div><\/div><\/div><\/div><\/div><div class=\"et_pb_slide et_pb_post_slide-3373\" style=\"background-image:url(https:\/\/biotechsa.com\/2\/wp-content\/uploads\/2021\/05\/Deformidad-espinal-sometidos-a-fusion-toracolumbar-e1620837394206.jpg)\"><div class=\"et_pb_slide_overlay_container\"><\/div><div class=\"et_pb_container clearfix\"><div class=\"et_pb_slider_container_inner\"><div class=\"et_pb_slide_description\"><h2 class=\"et_pb_slide_title\"><a href=\"https:\/\/biotechsa.com\/2\/articulos-cientificos\/articulos-stimulan\/vancomycin-impregnated-calcium-sulfate-beads-compared-with-vancomycin-powder-in-adult-spinal-deformity-patients-undergoing-thoracolumbar-fusion-2\/\">Vancomycin-impregnated calcium sulfate beads compared with vancomycin powder in adult spinal deformity patients undergoing thoracolumbar fusion<\/a><\/h2><div class=\"et_pb_slide_content\"><p class=\"post-meta\">by <span class=\"author vcard\"><a href=\"https:\/\/biotechsa.com\/2\/author\/biotechsa\/\" title=\"Posts by Biotechsa\" rel=\"author\">Biotechsa<\/a><\/span> | <span class=\"published\">mayo 12, 2021<\/span> | <a href=\"https:\/\/biotechsa.com\/2\/category\/articulos-cientificos\/\" rel=\"category tag\">Art\u00edculos Cient\u00edficos<\/a>, <a href=\"https:\/\/biotechsa.com\/2\/category\/articulos-cientificos\/articulos-stimulan\/\" rel=\"category tag\">Art\u00edculos STIMULAN<\/a> | 0 Comments<\/p><div class=\"et_pb_slide_content_body\"><p>Hershman-Paper-2021 Hershman&#8230;<\/p>\n<\/div><\/div><div class=\"et_pb_button_wrapper\"><a class=\"et_pb_button et_pb_more_button\" href=\"https:\/\/biotechsa.com\/2\/articulos-cientificos\/articulos-stimulan\/vancomycin-impregnated-calcium-sulfate-beads-compared-with-vancomycin-powder-in-adult-spinal-deformity-patients-undergoing-thoracolumbar-fusion-2\/\">Read More<\/a><\/div><\/div><\/div><\/div><\/div><div class=\"et_pb_slide et_pb_slide_with_no_image et_pb_post_slide-698\" style=\"background-image:\"><div class=\"et_pb_slide_overlay_container\"><\/div><div class=\"et_pb_container clearfix\"><div class=\"et_pb_slider_container_inner\"><div class=\"et_pb_slide_description\"><h2 class=\"et_pb_slide_title\"><a href=\"https:\/\/biotechsa.com\/2\/articulos-cientificos\/articulos-genex\/uso-de-genex-en-el-tratamiento-de-una-fractura-de-meseta-tibial\/\">Uso de genex en el tratamiento de una fractura de meseta tibial<\/a><\/h2><div class=\"et_pb_slide_content\"><p class=\"post-meta\">by <span class=\"author vcard\"><a href=\"https:\/\/biotechsa.com\/2\/author\/biotechsa\/\" title=\"Posts by Biotechsa\" rel=\"author\">Biotechsa<\/a><\/span> | <span class=\"published\">marzo 18, 2020<\/span> | <a href=\"https:\/\/biotechsa.com\/2\/category\/articulos-cientificos\/\" rel=\"category tag\">Art\u00edculos Cient\u00edficos<\/a>, <a href=\"https:\/\/biotechsa.com\/2\/category\/articulos-cientificos\/articulos-genex\/\" rel=\"category tag\">Art\u00edculos Genex<\/a> | 0 Comments<\/p><div class=\"et_pb_slide_content_body\"><p>Cortes\u00eda del Sr. Hemant K&#8230;<\/p>\n<\/div><\/div><div class=\"et_pb_button_wrapper\"><a class=\"et_pb_button et_pb_more_button\" href=\"https:\/\/biotechsa.com\/2\/articulos-cientificos\/articulos-genex\/uso-de-genex-en-el-tratamiento-de-una-fractura-de-meseta-tibial\/\">Read More<\/a><\/div><\/div><\/div><\/div><\/div><div class=\"et_pb_slide et_pb_slide_with_no_image et_pb_post_slide-1533\" style=\"background-image:\"><div class=\"et_pb_slide_overlay_container\"><\/div><div class=\"et_pb_container clearfix\"><div class=\"et_pb_slider_container_inner\"><div class=\"et_pb_slide_description\"><h2 class=\"et_pb_slide_title\"><a href=\"https:\/\/biotechsa.com\/2\/articulos-cientificos\/articulos-stimulan\/local-antibiotic-delivery-systems-current-and-future-applications-for-diabetic-foot-infections\/\">Local Antibiotic Delivery Systems: Current and Future Applications for Diabetic Foot Infections<\/a><\/h2><div class=\"et_pb_slide_content\"><p class=\"post-meta\">by <span class=\"author vcard\"><a href=\"https:\/\/biotechsa.com\/2\/author\/biotechsa\/\" title=\"Posts by Biotechsa\" rel=\"author\">Biotechsa<\/a><\/span> | <span class=\"published\">julio 8, 2020<\/span> | <a href=\"https:\/\/biotechsa.com\/2\/category\/articulos-cientificos\/\" rel=\"category tag\">Art\u00edculos Cient\u00edficos<\/a>, <a href=\"https:\/\/biotechsa.com\/2\/category\/articulos-cientificos\/articulos-stimulan\/\" rel=\"category tag\">Art\u00edculos STIMULAN<\/a> | 0 Comments<\/p><div class=\"et_pb_slide_content_body\"><p>local-antibiotic-delivery-sist&#8230;<\/p>\n<\/div><\/div><div class=\"et_pb_button_wrapper\"><a class=\"et_pb_button et_pb_more_button\" href=\"https:\/\/biotechsa.com\/2\/articulos-cientificos\/articulos-stimulan\/local-antibiotic-delivery-systems-current-and-future-applications-for-diabetic-foot-infections\/\">Read More<\/a><\/div><\/div><\/div><\/div><\/div><div class=\"et_pb_slide et_pb_post_slide-8142\" style=\"background-image:url(https:\/\/biotechsa.com\/2\/wp-content\/uploads\/2024\/11\/Displacia-de-tibia.jpg)\"><div class=\"et_pb_slide_overlay_container\"><\/div><div class=\"et_pb_container clearfix\"><div class=\"et_pb_slider_container_inner\"><div class=\"et_pb_slide_description\"><h2 class=\"et_pb_slide_title\"><a href=\"https:\/\/biotechsa.com\/2\/articulos-cientificos\/articulos-genex\/displasia-osteofibrosa-de-tibia-reporte-de-caso\/\">Displasia osteofibrosa de tibia: reporte de caso<\/a><\/h2><div class=\"et_pb_slide_content\"><p class=\"post-meta\">by <span class=\"author vcard\"><a href=\"https:\/\/biotechsa.com\/2\/author\/biotechsa\/\" title=\"Posts by Biotechsa\" rel=\"author\">Biotechsa<\/a><\/span> | <span class=\"published\">noviembre 28, 2024<\/span> | <a href=\"https:\/\/biotechsa.com\/2\/category\/articulos-cientificos\/\" rel=\"category tag\">Art\u00edculos Cient\u00edficos<\/a>, <a href=\"https:\/\/biotechsa.com\/2\/category\/articulos-cientificos\/articulos-genex\/\" rel=\"category tag\">Art\u00edculos Genex<\/a> | 0 Comments<\/p><div class=\"et_pb_slide_content_body\"><p>La displasia osteofibrosa&#8230;<\/p>\n<\/div><\/div><div class=\"et_pb_button_wrapper\"><a class=\"et_pb_button et_pb_more_button\" href=\"https:\/\/biotechsa.com\/2\/articulos-cientificos\/articulos-genex\/displasia-osteofibrosa-de-tibia-reporte-de-caso\/\">Read More<\/a><\/div><\/div><\/div><\/div><\/div><div class=\"et_pb_slide et_pb_post_slide-4128\" style=\"background-image:url(https:\/\/biotechsa.com\/2\/wp-content\/uploads\/2021\/12\/Sintesis-definitiva-de-fractura-de-meseta-tibial-Schatzker-tipo.jpg)\"><div class=\"et_pb_slide_overlay_container\"><\/div><div class=\"et_pb_container clearfix\"><div class=\"et_pb_slider_container_inner\"><div class=\"et_pb_slide_description\"><h2 class=\"et_pb_slide_title\"><a href=\"https:\/\/biotechsa.com\/2\/articulos-cientificos\/articulos-stimulan\/stimulan-profilaxis-antibiotica-en-las-fracturas-de-la-meseta-tibial\/\">Stimulan\u00ae: Profilaxis antibi\u00f3tica en las fracturas de la meseta tibial<\/a><\/h2><div class=\"et_pb_slide_content\"><p class=\"post-meta\">by <span class=\"author vcard\"><a href=\"https:\/\/biotechsa.com\/2\/author\/biotechsa\/\" title=\"Posts by Biotechsa\" rel=\"author\">Biotechsa<\/a><\/span> | <span class=\"published\">diciembre 2, 2021<\/span> | <a href=\"https:\/\/biotechsa.com\/2\/category\/articulos-cientificos\/articulos-stimulan\/\" rel=\"category tag\">Art\u00edculos STIMULAN<\/a>, <a href=\"https:\/\/biotechsa.com\/2\/category\/articulos-cientificos\/\" rel=\"category tag\">Art\u00edculos Cient\u00edficos<\/a> | 0 Comments<\/p><div class=\"et_pb_slide_content_body\"><p>STIMULAN-profilaxis-antibio\u0301ti&#8230;<\/p>\n<\/div><\/div><div class=\"et_pb_button_wrapper\"><a class=\"et_pb_button et_pb_more_button\" href=\"https:\/\/biotechsa.com\/2\/articulos-cientificos\/articulos-stimulan\/stimulan-profilaxis-antibiotica-en-las-fracturas-de-la-meseta-tibial\/\">Read More<\/a><\/div><\/div><\/div><\/div><\/div><\/div><\/div><\/div><\/div><\/div>","protected":false},"excerpt":{"rendered":"","protected":false},"author":2,"featured_media":2382,"comment_status":"open","ping_status":"open","sticky":false,"template":"","format":"standard","meta":{"footnotes":""},"categories":[25,79],"tags":[],"class_list":["post-2381","post","type-post","status-publish","format-standard","has-post-thumbnail","hentry","category-noticias","category-entrevistas"],"_links":{"self":[{"href":"https:\/\/biotechsa.com\/2\/wp-json\/wp\/v2\/posts\/2381","targetHints":{"allow":["GET"]}}],"collection":[{"href":"https:\/\/biotechsa.com\/2\/wp-json\/wp\/v2\/posts"}],"about":[{"href":"https:\/\/biotechsa.com\/2\/wp-json\/wp\/v2\/types\/post"}],"author":[{"embeddable":true,"href":"https:\/\/biotechsa.com\/2\/wp-json\/wp\/v2\/users\/2"}],"replies":[{"embeddable":true,"href":"https:\/\/biotechsa.com\/2\/wp-json\/wp\/v2\/comments?post=2381"}],"version-history":[{"count":1,"href":"https:\/\/biotechsa.com\/2\/wp-json\/wp\/v2\/posts\/2381\/revisions"}],"predecessor-version":[{"id":11188,"href":"https:\/\/biotechsa.com\/2\/wp-json\/wp\/v2\/posts\/2381\/revisions\/11188"}],"wp:featuredmedia":[{"embeddable":true,"href":"https:\/\/biotechsa.com\/2\/wp-json\/wp\/v2\/media\/2382"}],"wp:attachment":[{"href":"https:\/\/biotechsa.com\/2\/wp-json\/wp\/v2\/media?parent=2381"}],"wp:term":[{"taxonomy":"category","embeddable":true,"href":"https:\/\/biotechsa.com\/2\/wp-json\/wp\/v2\/categories?post=2381"},{"taxonomy":"post_tag","embeddable":true,"href":"https:\/\/biotechsa.com\/2\/wp-json\/wp\/v2\/tags?post=2381"}],"curies":[{"name":"wp","href":"https:\/\/api.w.org\/{rel}","templated":true}]}}