{"id":1965,"date":"2020-10-01T15:54:00","date_gmt":"2020-10-01T15:54:00","guid":{"rendered":"https:\/\/biotechsa.com\/2\/?p=1965"},"modified":"2026-03-10T12:58:17","modified_gmt":"2026-03-10T18:58:17","slug":"principal-causes-for-hospital-readmission-identified","status":"publish","type":"post","link":"https:\/\/biotechsa.com\/2\/noticias\/principal-causes-for-hospital-readmission-identified\/","title":{"rendered":"Principal causes for hospital readmission identified"},"content":{"rendered":"<div class=\"et_pb_section_0 et_pb_section et_section_regular et_block_section\"><div class=\"et_pb_row_0 et_pb_row et_block_row\"><div class=\"et_pb_column_0 et_pb_column et_pb_column_4_4 et-last-child et_block_column et_pb_css_mix_blend_mode_passthrough\"><div class=\"et_pb_image_0 et_pb_image et_pb_module et_block_module\"><span class=\"et_pb_image_wrap\"><img decoding=\"async\" src=\"https:\/\/photos.app.goo.gl\/YEFVye1Uq7DTcbdd9\" \/><\/span><\/div><div class=\"et_pb_text_0 et_pb_text et_pb_bg_layout_light et_pb_module et_block_module\"><div class=\"et_pb_text_inner\"><p style=\"text-align: justify;\">A group of physicians in Canada examined a national database of more than 58,000 hip and knee replacement surgeries and published their results in The Journal of Arthroplasty. Brad Tritle reports that infection was the most common reason for revision knee surgery in the year following surgery, and that diabetic patients had a higher rate of readmission for infection.<\/p>\n<\/div><\/div><div class=\"et_pb_text_1 et_pb_text et_pb_bg_layout_light et_pb_module et_block_module\"><div class=\"et_pb_text_inner\"><p><a href=\"https:\/\/ryortho.com\/breaking\/principal-causes-for-hospital-readmission-identified\/\" target=\"_blank\" rel=\"noopener noreferrer\">Click here to view the full article.<\/a><\/p>\n<\/div><\/div><\/div><\/div><\/div><div class=\"et_pb_section_1 et_pb_section et_section_regular et_block_section\"><div class=\"et_pb_row_1 et_pb_row et_block_row\"><div class=\"et_pb_column_1 et_pb_column et_pb_column_4_4 et-last-child et_block_column et_pb_css_mix_blend_mode_passthrough\"><div class=\"et_pb_code_0 et_pb_code et_pb_module\"><div class=\"et_pb_code_inner\"><!-- Begin Mailchimp Signup Form -->\n<link href=\"\/\/cdn-images.mailchimp.com\/embedcode\/slim-10_7.css\" rel=\"stylesheet\" type=\"text\/css\">\n<style type=\"text\/css\">\n\t#mc_embed_signup{background:#aec7ff; clear:left; font:14px Helvetica,Arial,sans-serif; }\n\t\/* Add your own Mailchimp form style overrides in your site stylesheet or in this style block.\n\t   We recommend moving this block and the preceding CSS link to the HEAD of your HTML file. *\/\n<\/style>\n<div id=\"mc_embed_signup\">\n<form action=\"https:\/\/biotechsa.us20.list-manage.com\/subscribe\/post?u=8ea663bff4a97c9e57969f325&#038;id=75db4c7051\" method=\"post\" id=\"mc-embedded-subscribe-form\" name=\"mc-embedded-subscribe-form\" class=\"validate\" target=\"_blank\" novalidate>\n    <div id=\"mc_embed_signup_scroll\">\n\t<label for=\"mce-EMAIL\">Suscribete y recibe en tu correo noticias relevantes y ofertas especiales de nuestros productos<\/label>\n\t<input type=\"email\" value=\"\" name=\"EMAIL\" class=\"email\" id=\"mce-EMAIL\" placeholder=\"email address\" required>\n    <!-- real people should not fill this in and expect good things - do not remove this or risk form bot signups-->\n    <div style=\"position: absolute; left: -5000px;\" aria-hidden=\"true\"><input type=\"text\" name=\"b_8ea663bff4a97c9e57969f325_75db4c7051\" tabindex=\"-1\" value=\"\"><\/div>\n    <div class=\"clear\"><input type=\"submit\" value=\"Subscribe\" name=\"subscribe\" id=\"mc-embedded-subscribe\" class=\"button\"><\/div>\n    <\/div>\n<\/form>\n<\/div>\n\n<!--End mc_embed_signup--><\/div><\/div><\/div><\/div><\/div><div class=\"et_pb_section_2 et_pb_section et_section_regular et_block_section\"><div class=\"et_pb_row_2 et_pb_row et_block_row\"><div class=\"et_pb_column_2 et_pb_column et_pb_column_1_2 et_block_column et_pb_css_mix_blend_mode_passthrough\"><div class=\"et_pb_post_slider_0 et_pb_post_slider et_pb_bg_layout_dark et_pb_slider et_pb_slider_fullwidth_off et_pb_post_slider_image_background et_pb_slider_with_overlay et_pb_module et_block_module\"><div class=\"et_pb_slides\"><div class=\"et_pb_slide et_pb_post_slide-1795\" style=\"background-image:url(https:\/\/biotechsa.com\/2\/wp-content\/uploads\/2020\/09\/Pharma-cash-call-for-new-antibiotics.jpg)\"><div class=\"et_pb_slide_overlay_container\"><\/div><div class=\"et_pb_container clearfix\"><div class=\"et_pb_slider_container_inner\"><div class=\"et_pb_slide_description\"><h2 class=\"et_pb_slide_title\"><a href=\"https:\/\/biotechsa.com\/2\/noticias\/pharma-cash-call-for-new-antibiotics\/\">Pharma &#8216;cash call&#8217; for new antibiotics<\/a><\/h2><div class=\"et_pb_slide_content\"><p class=\"post-meta\">by <span class=\"author vcard\"><a href=\"https:\/\/biotechsa.com\/2\/author\/biotechsa\/\" title=\"Posts by Biotechsa\" rel=\"author\">Biotechsa<\/a><\/span> | <span class=\"published\">septiembre 3, 2020<\/span> | <a href=\"https:\/\/biotechsa.com\/2\/category\/noticias\/\" rel=\"category tag\">Noticias<\/a> | 0 Comments<\/p><div class=\"et_pb_slide_content_body\"><p>More than 80 pharmaceutical companies have&#8230;<\/p>\n<\/div><\/div><div class=\"et_pb_button_wrapper\"><a class=\"et_pb_button et_pb_more_button\" href=\"https:\/\/biotechsa.com\/2\/noticias\/pharma-cash-call-for-new-antibiotics\/\">M\u00e1s informaci\u00f3n<\/a><\/div><\/div><\/div><\/div><\/div><div class=\"et_pb_slide et_pb_post_slide-3814\" style=\"background-image:url(https:\/\/biotechsa.com\/2\/wp-content\/uploads\/2021\/10\/Living-medicine-created-to-treat-drug-resistant-infections.jpg)\"><div class=\"et_pb_slide_overlay_container\"><\/div><div class=\"et_pb_container clearfix\"><div class=\"et_pb_slider_container_inner\"><div class=\"et_pb_slide_description\"><h2 class=\"et_pb_slide_title\"><a href=\"https:\/\/biotechsa.com\/2\/noticias\/living-medicine-created-to-treat-drug-resistant-infections\/\">&#8216;Living medicine&#8217; created to treat drug-resistant infections<\/a><\/h2><div class=\"et_pb_slide_content\"><p class=\"post-meta\">by <span class=\"author vcard\"><a href=\"https:\/\/biotechsa.com\/2\/author\/biotechsa\/\" title=\"Posts by Biotechsa\" rel=\"author\">Biotechsa<\/a><\/span> | <span class=\"published\">octubre 14, 2021<\/span> | <a href=\"https:\/\/biotechsa.com\/2\/category\/noticias\/\" rel=\"category tag\">Noticias<\/a> | 0 Comments<\/p><div class=\"et_pb_slide_content_body\"><p>Researchers at the Centre for Genomic Regulation&#8230;<\/p>\n<\/div><\/div><div class=\"et_pb_button_wrapper\"><a class=\"et_pb_button et_pb_more_button\" href=\"https:\/\/biotechsa.com\/2\/noticias\/living-medicine-created-to-treat-drug-resistant-infections\/\">M\u00e1s informaci\u00f3n<\/a><\/div><\/div><\/div><\/div><\/div><div class=\"et_pb_slide et_pb_post_slide-1938\" style=\"background-image:url(https:\/\/biotechsa.com\/2\/wp-content\/uploads\/2020\/09\/Interview-with-Dr.-Michele-Evans-on-the-role-that-public-policies-have-played-in-exacerbating-health-inequities-in-the-United-States..jpg)\"><div class=\"et_pb_slide_overlay_container\"><\/div><div class=\"et_pb_container clearfix\"><div class=\"et_pb_slider_container_inner\"><div class=\"et_pb_slide_description\"><h2 class=\"et_pb_slide_title\"><a href=\"https:\/\/biotechsa.com\/2\/noticias\/interview-with-dr-michele-evans-on-the-role-that-public-policies-have-played-in-exacerbating-health-inequities-in-the-united-states\/\">Interview with Dr. Michele Evans on the role that public policies have played in exacerbating health inequities in the United States.<\/a><\/h2><div class=\"et_pb_slide_content\"><p class=\"post-meta\">by <span class=\"author vcard\"><a href=\"https:\/\/biotechsa.com\/2\/author\/biotechsa\/\" title=\"Posts by Biotechsa\" rel=\"author\">Biotechsa<\/a><\/span> | <span class=\"published\">septiembre 24, 2020<\/span> | <a href=\"https:\/\/biotechsa.com\/2\/category\/noticias\/\" rel=\"category tag\">Noticias<\/a>, <a href=\"https:\/\/biotechsa.com\/2\/category\/webinar\/entrevistas\/\" rel=\"category tag\">Entrevistas (Audio)<\/a> | 0 Comments<\/p><div class=\"et_pb_slide_content_body\"><p>Michele Evans is a senior investigator and the&#8230;<\/p>\n<\/div><\/div><div class=\"et_pb_button_wrapper\"><a class=\"et_pb_button et_pb_more_button\" href=\"https:\/\/biotechsa.com\/2\/noticias\/interview-with-dr-michele-evans-on-the-role-that-public-policies-have-played-in-exacerbating-health-inequities-in-the-united-states\/\">M\u00e1s informaci\u00f3n<\/a><\/div><\/div><\/div><\/div><\/div><div class=\"et_pb_slide et_pb_post_slide-2516\" style=\"background-image:url(https:\/\/biotechsa.com\/2\/wp-content\/uploads\/2021\/01\/anti.jpg)\"><div class=\"et_pb_slide_overlay_container\"><\/div><div class=\"et_pb_container clearfix\"><div class=\"et_pb_slider_container_inner\"><div class=\"et_pb_slide_description\"><h2 class=\"et_pb_slide_title\"><a href=\"https:\/\/biotechsa.com\/2\/noticias\/gene-editing-produces-tenfold-increase-in-superbug-slaying-antibiotics\/\">Gene-editing produces tenfold increase in superbug slaying antibiotics<\/a><\/h2><div class=\"et_pb_slide_content\"><p class=\"post-meta\">by <span class=\"author vcard\"><a href=\"https:\/\/biotechsa.com\/2\/author\/biotechsa\/\" title=\"Posts by Biotechsa\" rel=\"author\">Biotechsa<\/a><\/span> | <span class=\"published\">enero 20, 2021<\/span> | <a href=\"https:\/\/biotechsa.com\/2\/category\/noticias\/\" rel=\"category tag\">Noticias<\/a> | 0 Comments<\/p><div class=\"et_pb_slide_content_body\"><p>ScienceDaily recently featured a study conducted&#8230;<\/p>\n<\/div><\/div><div class=\"et_pb_button_wrapper\"><a class=\"et_pb_button et_pb_more_button\" href=\"https:\/\/biotechsa.com\/2\/noticias\/gene-editing-produces-tenfold-increase-in-superbug-slaying-antibiotics\/\">M\u00e1s informaci\u00f3n<\/a><\/div><\/div><\/div><\/div><\/div><div class=\"et_pb_slide et_pb_post_slide-3522\" style=\"background-image:url(https:\/\/biotechsa.com\/2\/wp-content\/uploads\/2021\/07\/COVID-19-may-promote-the-spread-of-drug-resistant-superfungus-biotechsa.jpg)\"><div class=\"et_pb_slide_overlay_container\"><\/div><div class=\"et_pb_container clearfix\"><div class=\"et_pb_slider_container_inner\"><div class=\"et_pb_slide_description\"><h2 class=\"et_pb_slide_title\"><a href=\"https:\/\/biotechsa.com\/2\/noticias\/covid-19-may-promote-the-spread-of-drug-resistant-superfungus\/\">COVID-19 may promote the spread of drug-resistant \u2018superfungus\u2019<\/a><\/h2><div class=\"et_pb_slide_content\"><p class=\"post-meta\">by <span class=\"author vcard\"><a href=\"https:\/\/biotechsa.com\/2\/author\/biotechsa\/\" title=\"Posts by Biotechsa\" rel=\"author\">Biotechsa<\/a><\/span> | <span class=\"published\">julio 1, 2021<\/span> | <a href=\"https:\/\/biotechsa.com\/2\/category\/noticias\/\" rel=\"category tag\">Noticias<\/a> | 0 Comments<\/p><div class=\"et_pb_slide_content_body\"><p>Medical News Today recently reported on an&#8230;<\/p>\n<\/div><\/div><div class=\"et_pb_button_wrapper\"><a class=\"et_pb_button et_pb_more_button\" href=\"https:\/\/biotechsa.com\/2\/noticias\/covid-19-may-promote-the-spread-of-drug-resistant-superfungus\/\">M\u00e1s informaci\u00f3n<\/a><\/div><\/div><\/div><\/div><\/div><div class=\"et_pb_slide et_pb_post_slide-2925\" style=\"background-image:url(https:\/\/biotechsa.com\/2\/wp-content\/uploads\/2021\/03\/Assumptions-of-how-antibiotics-work-may-be-incorrect-Biotechsa.jpg)\"><div class=\"et_pb_slide_overlay_container\"><\/div><div class=\"et_pb_container clearfix\"><div class=\"et_pb_slider_container_inner\"><div class=\"et_pb_slide_description\"><h2 class=\"et_pb_slide_title\"><a href=\"https:\/\/biotechsa.com\/2\/noticias\/assumptions-of-how-antibiotics-work-may-be-incorrect\/\">Assumptions of how antibiotics work may be incorrect<\/a><\/h2><div class=\"et_pb_slide_content\"><p class=\"post-meta\">by <span class=\"author vcard\"><a href=\"https:\/\/biotechsa.com\/2\/author\/biotechsa\/\" title=\"Posts by Biotechsa\" rel=\"author\">Biotechsa<\/a><\/span> | <span class=\"published\">marzo 11, 2021<\/span> | <a href=\"https:\/\/biotechsa.com\/2\/category\/noticias\/\" rel=\"category tag\">Noticias<\/a> | 0 Comments<\/p><div class=\"et_pb_slide_content_body\"><p>Bacterial infections are the No. 1 cause of&#8230;<\/p>\n<\/div><\/div><div class=\"et_pb_button_wrapper\"><a class=\"et_pb_button et_pb_more_button\" href=\"https:\/\/biotechsa.com\/2\/noticias\/assumptions-of-how-antibiotics-work-may-be-incorrect\/\">M\u00e1s informaci\u00f3n<\/a><\/div><\/div><\/div><\/div><\/div><div class=\"et_pb_slide et_pb_post_slide-10431\" style=\"background-image:url(https:\/\/biotechsa.com\/2\/wp-content\/uploads\/2025\/11\/Diabetes-distress.webp)\"><div class=\"et_pb_slide_overlay_container\"><\/div><div class=\"et_pb_container clearfix\"><div class=\"et_pb_slider_container_inner\"><div class=\"et_pb_slide_description\"><h2 class=\"et_pb_slide_title\"><a href=\"https:\/\/biotechsa.com\/2\/noticias\/cuando-la-diabetes-afecta-las-emociones\/\">Cuando la diabetes afecta las emociones: qu\u00e9 es el distr\u00e9s diab\u00e9tico<\/a><\/h2><div class=\"et_pb_slide_content\"><p class=\"post-meta\">by <span class=\"author vcard\"><a href=\"https:\/\/biotechsa.com\/2\/author\/paola\/\" title=\"Posts by Paola Gonz\u00e1lez\" rel=\"author\">Paola Gonz\u00e1lez<\/a><\/span> | <span class=\"published\">noviembre 18, 2025<\/span> | <a href=\"https:\/\/biotechsa.com\/2\/category\/medicina-y-salud\/\" rel=\"category tag\">Medicina y Salud<\/a>, <a href=\"https:\/\/biotechsa.com\/2\/category\/noticias\/\" rel=\"category tag\">Noticias<\/a> | 0 Comments<\/p><div class=\"et_pb_slide_content_body\"><p>La relaci\u00f3n entre la diabetes y la salud&#8230;<\/p>\n<\/div><\/div><div class=\"et_pb_button_wrapper\"><a class=\"et_pb_button et_pb_more_button\" href=\"https:\/\/biotechsa.com\/2\/noticias\/cuando-la-diabetes-afecta-las-emociones\/\">M\u00e1s informaci\u00f3n<\/a><\/div><\/div><\/div><\/div><\/div><div class=\"et_pb_slide et_pb_post_slide-3096\" style=\"background-image:url(https:\/\/biotechsa.com\/2\/wp-content\/uploads\/2021\/04\/Antibiotics-significantly-overprescribed-during-early-months-of-pandemic-study-suggests-1-scaled.jpg)\"><div class=\"et_pb_slide_overlay_container\"><\/div><div class=\"et_pb_container clearfix\"><div class=\"et_pb_slider_container_inner\"><div class=\"et_pb_slide_description\"><h2 class=\"et_pb_slide_title\"><a href=\"https:\/\/biotechsa.com\/2\/noticias\/antibiotics-significantly-overprescribed-during-early-months-of-pandemic-study-suggests\/\">Antibiotics significantly overprescribed during early months of pandemic, study suggests<\/a><\/h2><div class=\"et_pb_slide_content\"><p class=\"post-meta\">by <span class=\"author vcard\"><a href=\"https:\/\/biotechsa.com\/2\/author\/biotechsa\/\" title=\"Posts by Biotechsa\" rel=\"author\">Biotechsa<\/a><\/span> | <span class=\"published\">abril 1, 2021<\/span> | <a href=\"https:\/\/biotechsa.com\/2\/category\/noticias\/\" rel=\"category tag\">Noticias<\/a> | 0 Comments<\/p><div class=\"et_pb_slide_content_body\"><p>According to a study recently shared by Becker\u2019s&#8230;<\/p>\n<\/div><\/div><div class=\"et_pb_button_wrapper\"><a class=\"et_pb_button et_pb_more_button\" href=\"https:\/\/biotechsa.com\/2\/noticias\/antibiotics-significantly-overprescribed-during-early-months-of-pandemic-study-suggests\/\">M\u00e1s informaci\u00f3n<\/a><\/div><\/div><\/div><\/div><\/div><div class=\"et_pb_slide et_pb_slide_with_no_image et_pb_post_slide-973\" style=\"background-image:\"><div class=\"et_pb_slide_overlay_container\"><\/div><div class=\"et_pb_container clearfix\"><div class=\"et_pb_slider_container_inner\"><div class=\"et_pb_slide_description\"><h2 class=\"et_pb_slide_title\"><a href=\"https:\/\/biotechsa.com\/2\/noticias\/la-resistencia-a-los-antibioticos-puede-extenderse-en-ausencia-de-medicamentos\/\">La resistencia a los antibi\u00f3ticos puede extenderse en ausencia de medicamentos.<\/a><\/h2><div class=\"et_pb_slide_content\"><p class=\"post-meta\">by <span class=\"author vcard\"><a href=\"https:\/\/biotechsa.com\/2\/author\/biotechsa\/\" title=\"Posts by Biotechsa\" rel=\"author\">Biotechsa<\/a><\/span> | <span class=\"published\">marzo 24, 2020<\/span> | <a href=\"https:\/\/biotechsa.com\/2\/category\/noticias\/\" rel=\"category tag\">Noticias<\/a> | 0 Comments<\/p><div class=\"et_pb_slide_content_body\"><p>Medical News Today inform\u00f3 recientemente sobre&#8230;<\/p>\n<\/div><\/div><div class=\"et_pb_button_wrapper\"><a class=\"et_pb_button et_pb_more_button\" href=\"https:\/\/biotechsa.com\/2\/noticias\/la-resistencia-a-los-antibioticos-puede-extenderse-en-ausencia-de-medicamentos\/\">M\u00e1s informaci\u00f3n<\/a><\/div><\/div><\/div><\/div><\/div><div class=\"et_pb_slide et_pb_post_slide-1776\" style=\"background-image:url(https:\/\/biotechsa.com\/2\/wp-content\/uploads\/2020\/08\/Audio-Interview-Building-a-Successful-Public-Health-Response-to-Covid-19.jpg)\"><div class=\"et_pb_slide_overlay_container\"><\/div><div class=\"et_pb_container clearfix\"><div class=\"et_pb_slider_container_inner\"><div class=\"et_pb_slide_description\"><h2 class=\"et_pb_slide_title\"><a href=\"https:\/\/biotechsa.com\/2\/noticias\/covid-19-and-contact-tracing\/\">Audio: Covid-19 and Contact Tracing<\/a><\/h2><div class=\"et_pb_slide_content\"><p class=\"post-meta\">by <span class=\"author vcard\"><a href=\"https:\/\/biotechsa.com\/2\/author\/biotechsa\/\" title=\"Posts by Biotechsa\" rel=\"author\">Biotechsa<\/a><\/span> | <span class=\"published\">agosto 27, 2020<\/span> | <a href=\"https:\/\/biotechsa.com\/2\/category\/noticias\/\" rel=\"category tag\">Noticias<\/a>, <a href=\"https:\/\/biotechsa.com\/2\/category\/webinar\/entrevistas\/\" rel=\"category tag\">Entrevistas (Audio)<\/a> | 0 Comments<\/p><div class=\"et_pb_slide_content_body\"><p>Eric Rubin is the Editor-in-Chief of the\u00a0&#8230;<\/p>\n<\/div><\/div><div class=\"et_pb_button_wrapper\"><a class=\"et_pb_button et_pb_more_button\" href=\"https:\/\/biotechsa.com\/2\/noticias\/covid-19-and-contact-tracing\/\">M\u00e1s informaci\u00f3n<\/a><\/div><\/div><\/div><\/div><\/div><\/div><\/div><\/div><div class=\"et_pb_column_3 et_pb_column et_pb_column_1_2 et-last-child et_block_column et_pb_css_mix_blend_mode_passthrough\"><div class=\"et_pb_post_slider_1 et_pb_post_slider et_pb_bg_layout_dark et_pb_slider et_pb_slider_fullwidth_off et_pb_post_slider_image_background et_pb_slider_with_overlay et_pb_module et_block_module\"><div class=\"et_pb_slides\"><div class=\"et_pb_slide et_pb_post_slide-4367\" style=\"background-image:url(https:\/\/biotechsa.com\/2\/wp-content\/uploads\/2022\/03\/Efectividad-del-Manejo-del-Colapso-Articular-Oseo-con-Defectos-Oseos-en-Fracturas-de-la-Meseta-Tibial-con-el-Uso-de-Genex-Un-Injerto-Oseo-Sintetico-de-Compuesto-de-C.png)\"><div class=\"et_pb_slide_overlay_container\"><\/div><div class=\"et_pb_container clearfix\"><div class=\"et_pb_slider_container_inner\"><div class=\"et_pb_slide_description\"><h2 class=\"et_pb_slide_title\"><a href=\"https:\/\/biotechsa.com\/2\/articulos-cientificos\/articulos-genex\/efectividad-del-manejo-del-colapso-articular-oseo-con-defectos-oseos-en-fracturas-de-la-meseta-tibial-con-el-uso-de-genex-un-injerto-oseo-sintetico-de-compuesto-de-calcio-absorbible\/\">Efectividad del Manejo del Colapso Articular \u00d3seo con Defectos \u00d3seos en Fracturas de la Meseta Tibial con el Uso de Genex: Un Injerto \u00d3seo Sint\u00e9tico de Compuesto de Calcio Absorbible.<\/a><\/h2><div class=\"et_pb_slide_content\"><p class=\"post-meta\">by <span class=\"author vcard\"><a href=\"https:\/\/biotechsa.com\/2\/author\/biotechsa\/\" title=\"Posts by Biotechsa\" rel=\"author\">Biotechsa<\/a><\/span> | <span class=\"published\">marzo 18, 2022<\/span> | <a href=\"https:\/\/biotechsa.com\/2\/category\/articulos-cientificos\/articulos-genex\/\" rel=\"category tag\">Art\u00edculos Genex<\/a>, <a href=\"https:\/\/biotechsa.com\/2\/category\/articulos-cientificos\/\" rel=\"category tag\">Art\u00edculos Cient\u00edficos<\/a> | 0 Comments<\/p><div class=\"et_pb_slide_content_body\"><p>Efectividad-del-Manejo-del-Col&#8230;<\/p>\n<\/div><\/div><div class=\"et_pb_button_wrapper\"><a class=\"et_pb_button et_pb_more_button\" href=\"https:\/\/biotechsa.com\/2\/articulos-cientificos\/articulos-genex\/efectividad-del-manejo-del-colapso-articular-oseo-con-defectos-oseos-en-fracturas-de-la-meseta-tibial-con-el-uso-de-genex-un-injerto-oseo-sintetico-de-compuesto-de-calcio-absorbible\/\">Read More<\/a><\/div><\/div><\/div><\/div><\/div><div class=\"et_pb_slide et_pb_slide_with_no_image et_pb_post_slide-1533\" style=\"background-image:\"><div class=\"et_pb_slide_overlay_container\"><\/div><div class=\"et_pb_container clearfix\"><div class=\"et_pb_slider_container_inner\"><div class=\"et_pb_slide_description\"><h2 class=\"et_pb_slide_title\"><a href=\"https:\/\/biotechsa.com\/2\/articulos-cientificos\/articulos-stimulan\/local-antibiotic-delivery-systems-current-and-future-applications-for-diabetic-foot-infections\/\">Local Antibiotic Delivery Systems: Current and Future Applications for Diabetic Foot Infections<\/a><\/h2><div class=\"et_pb_slide_content\"><p class=\"post-meta\">by <span class=\"author vcard\"><a href=\"https:\/\/biotechsa.com\/2\/author\/biotechsa\/\" title=\"Posts by Biotechsa\" rel=\"author\">Biotechsa<\/a><\/span> | <span class=\"published\">julio 8, 2020<\/span> | <a href=\"https:\/\/biotechsa.com\/2\/category\/articulos-cientificos\/\" rel=\"category tag\">Art\u00edculos Cient\u00edficos<\/a>, <a href=\"https:\/\/biotechsa.com\/2\/category\/articulos-cientificos\/articulos-stimulan\/\" rel=\"category tag\">Art\u00edculos STIMULAN<\/a> | 0 Comments<\/p><div class=\"et_pb_slide_content_body\"><p>local-antibiotic-delivery-sist&#8230;<\/p>\n<\/div><\/div><div class=\"et_pb_button_wrapper\"><a class=\"et_pb_button et_pb_more_button\" href=\"https:\/\/biotechsa.com\/2\/articulos-cientificos\/articulos-stimulan\/local-antibiotic-delivery-systems-current-and-future-applications-for-diabetic-foot-infections\/\">Read More<\/a><\/div><\/div><\/div><\/div><\/div><div class=\"et_pb_slide et_pb_slide_with_no_image et_pb_post_slide-2860\" style=\"background-image:\"><div class=\"et_pb_slide_overlay_container\"><\/div><div class=\"et_pb_container clearfix\"><div class=\"et_pb_slider_container_inner\"><div class=\"et_pb_slide_description\"><h2 class=\"et_pb_slide_title\"><a href=\"https:\/\/biotechsa.com\/2\/articulos-cientificos\/articulos-stimulan\/clinical-evaluation-use-of-calcium-sulphate-impregnated-with-vancomycin-and-tobramycin-in-the-treatment-of-chronic-osteomyelitis-in-children\/\">CLINICAL EVALUATION USE OF CALCIUM SULPHATE IMPREGNATED WITH VANCOMYCIN AND TOBRAMYCIN IN THE TREATMENT OF CHRONIC OSTEOMYELITIS IN CHILDREN<\/a><\/h2><div class=\"et_pb_slide_content\"><p class=\"post-meta\">by <span class=\"author vcard\"><a href=\"https:\/\/biotechsa.com\/2\/author\/biotechsa\/\" title=\"Posts by Biotechsa\" rel=\"author\">Biotechsa<\/a><\/span> | <span class=\"published\">febrero 25, 2021<\/span> | <a href=\"https:\/\/biotechsa.com\/2\/category\/articulos-cientificos\/\" rel=\"category tag\">Art\u00edculos Cient\u00edficos<\/a>, <a href=\"https:\/\/biotechsa.com\/2\/category\/articulos-cientificos\/articulos-stimulan\/\" rel=\"category tag\">Art\u00edculos STIMULAN<\/a> | 0 Comments<\/p><div class=\"et_pb_slide_content_body\"><p>Clinical-evaluation-use-of-cal&#8230;<\/p>\n<\/div><\/div><div class=\"et_pb_button_wrapper\"><a class=\"et_pb_button et_pb_more_button\" href=\"https:\/\/biotechsa.com\/2\/articulos-cientificos\/articulos-stimulan\/clinical-evaluation-use-of-calcium-sulphate-impregnated-with-vancomycin-and-tobramycin-in-the-treatment-of-chronic-osteomyelitis-in-children\/\">Read More<\/a><\/div><\/div><\/div><\/div><\/div><div class=\"et_pb_slide et_pb_slide_with_no_image et_pb_post_slide-2452\" style=\"background-image:\"><div class=\"et_pb_slide_overlay_container\"><\/div><div class=\"et_pb_container clearfix\"><div class=\"et_pb_slider_container_inner\"><div class=\"et_pb_slide_description\"><h2 class=\"et_pb_slide_title\"><a href=\"https:\/\/biotechsa.com\/2\/articulos-cientificos\/articulos-stimulan\/commercially-pure-dissolvable-antibiotic-beads-a-clinical-review-of-756-cases-of-peri-prosthetic-joint-infection-and-aseptic-revision-arthroplasty\/\">COMMERCIALLY PURE DISSOLVABLE ANTIBIOTIC BEADS: A CLINICAL REVIEW OF 756 CASES OF PERI-PROSTHETIC JOINT INFECTION AND ASEPTIC REVISION ARTHROPLASTY<\/a><\/h2><div class=\"et_pb_slide_content\"><p class=\"post-meta\">by <span class=\"author vcard\"><a href=\"https:\/\/biotechsa.com\/2\/author\/biotechsa\/\" title=\"Posts by Biotechsa\" rel=\"author\">Biotechsa<\/a><\/span> | <span class=\"published\">enero 7, 2021<\/span> | <a href=\"https:\/\/biotechsa.com\/2\/category\/articulos-cientificos\/\" rel=\"category tag\">Art\u00edculos Cient\u00edficos<\/a>, <a href=\"https:\/\/biotechsa.com\/2\/category\/articulos-cientificos\/articulos-stimulan\/\" rel=\"category tag\">Art\u00edculos STIMULAN<\/a> | 0 Comments<\/p><div class=\"et_pb_slide_content_body\"><p>Comercially-pure-dissolvable-a&#8230;<\/p>\n<\/div><\/div><div class=\"et_pb_button_wrapper\"><a class=\"et_pb_button et_pb_more_button\" href=\"https:\/\/biotechsa.com\/2\/articulos-cientificos\/articulos-stimulan\/commercially-pure-dissolvable-antibiotic-beads-a-clinical-review-of-756-cases-of-peri-prosthetic-joint-infection-and-aseptic-revision-arthroplasty\/\">Read More<\/a><\/div><\/div><\/div><\/div><\/div><div class=\"et_pb_slide et_pb_post_slide-4385\" style=\"background-image:url(https:\/\/biotechsa.com\/2\/wp-content\/uploads\/2022\/03\/Un-estudio-de-caso-sobre-perlas-de-sulfato-de-calcio-cargadas-con-antibioticos-en-el-tratamiento-de-las-complicaciones-del-pie-diabetico-stimulan.png)\"><div class=\"et_pb_slide_overlay_container\"><\/div><div class=\"et_pb_container clearfix\"><div class=\"et_pb_slider_container_inner\"><div class=\"et_pb_slide_description\"><h2 class=\"et_pb_slide_title\"><a href=\"https:\/\/biotechsa.com\/2\/articulos-cientificos\/articulos-stimulan\/un-estudio-de-caso-sobre-perlas-de-sulfato-de-calcio-cargadas-con-antibioticos-en-el-tratamiento-de-las-complicaciones-del-pie-diabetico\/\">Un estudio de caso sobre perlas de sulfato de calcio cargadas con antibi\u00f3ticos en el tratamiento de las complicaciones del pie diab\u00e9tico.<\/a><\/h2><div class=\"et_pb_slide_content\"><p class=\"post-meta\">by <span class=\"author vcard\"><a href=\"https:\/\/biotechsa.com\/2\/author\/biotechsa\/\" title=\"Posts by Biotechsa\" rel=\"author\">Biotechsa<\/a><\/span> | <span class=\"published\">marzo 24, 2022<\/span> | <a href=\"https:\/\/biotechsa.com\/2\/category\/articulos-cientificos\/articulos-stimulan\/\" rel=\"category tag\">Art\u00edculos STIMULAN<\/a>, <a href=\"https:\/\/biotechsa.com\/2\/category\/articulos-cientificos\/\" rel=\"category tag\">Art\u00edculos Cient\u00edficos<\/a> | 0 Comments<\/p><div class=\"et_pb_slide_content_body\"><p>Un-estudio-de-caso-sobre-perla&#8230;<\/p>\n<\/div><\/div><div class=\"et_pb_button_wrapper\"><a class=\"et_pb_button et_pb_more_button\" href=\"https:\/\/biotechsa.com\/2\/articulos-cientificos\/articulos-stimulan\/un-estudio-de-caso-sobre-perlas-de-sulfato-de-calcio-cargadas-con-antibioticos-en-el-tratamiento-de-las-complicaciones-del-pie-diabetico\/\">Read More<\/a><\/div><\/div><\/div><\/div><\/div><div class=\"et_pb_slide et_pb_post_slide-5283\" style=\"background-image:url(https:\/\/biotechsa.com\/2\/wp-content\/uploads\/2021\/01\/A-new-method-of-treating-patients-with-diabetic-foot-ulcers-and-osteomyelitis-using-antibiotic-impregnated-calcium-sulfate.png)\"><div class=\"et_pb_slide_overlay_container\"><\/div><div class=\"et_pb_container clearfix\"><div class=\"et_pb_slider_container_inner\"><div class=\"et_pb_slide_description\"><h2 class=\"et_pb_slide_title\"><a href=\"https:\/\/biotechsa.com\/2\/articulos-cientificos\/articulos-stimulan\/metodo-simplificado-para-el-tratamiento-de-la-osteomielitis-de-la-articulacion-esternoclavicular\/\">M\u00e9todo simplificado para el tratamiento de la osteomielitis de la articulaci\u00f3n esternoclavicular<\/a><\/h2><div class=\"et_pb_slide_content\"><p class=\"post-meta\">by <span class=\"author vcard\"><a href=\"https:\/\/biotechsa.com\/2\/author\/biotechsa\/\" title=\"Posts by Biotechsa\" rel=\"author\">Biotechsa<\/a><\/span> | <span class=\"published\">julio 8, 2022<\/span> | <a href=\"https:\/\/biotechsa.com\/2\/category\/articulos-cientificos\/articulos-stimulan\/\" rel=\"category tag\">Art\u00edculos STIMULAN<\/a>, <a href=\"https:\/\/biotechsa.com\/2\/category\/articulos-cientificos\/\" rel=\"category tag\">Art\u00edculos Cient\u00edficos<\/a> | 0 Comments<\/p><div class=\"et_pb_slide_content_body\"><p>Metodo-simplificado-para-el-tr&#8230;<\/p>\n<\/div><\/div><div class=\"et_pb_button_wrapper\"><a class=\"et_pb_button et_pb_more_button\" href=\"https:\/\/biotechsa.com\/2\/articulos-cientificos\/articulos-stimulan\/metodo-simplificado-para-el-tratamiento-de-la-osteomielitis-de-la-articulacion-esternoclavicular\/\">Read More<\/a><\/div><\/div><\/div><\/div><\/div><div class=\"et_pb_slide et_pb_post_slide-5327\" style=\"background-image:url(https:\/\/biotechsa.com\/2\/wp-content\/uploads\/2021\/11\/stimulan-biotechsa-mexico-antibiotico.jpg)\"><div class=\"et_pb_slide_overlay_container\"><\/div><div class=\"et_pb_container clearfix\"><div class=\"et_pb_slider_container_inner\"><div class=\"et_pb_slide_description\"><h2 class=\"et_pb_slide_title\"><a href=\"https:\/\/biotechsa.com\/2\/articulos-cientificos\/articulos-stimulan\/uso-no-indicado-en-la-etiqueta-de-perlas-absorbibles-que-contienen-antibioticos-para-la-prevencion-de-infecciones-en-el-sitio-quirurgico\/\">Uso no indicado en la etiqueta de perlas absorbibles que contienen antibi\u00f3ticos para la prevenci\u00f3n de infecciones en el sitio quir\u00fargico<\/a><\/h2><div class=\"et_pb_slide_content\"><p class=\"post-meta\">by <span class=\"author vcard\"><a href=\"https:\/\/biotechsa.com\/2\/author\/biotechsa\/\" title=\"Posts by Biotechsa\" rel=\"author\">Biotechsa<\/a><\/span> | <span class=\"published\">julio 21, 2022<\/span> | <a href=\"https:\/\/biotechsa.com\/2\/category\/articulos-cientificos\/articulos-stimulan\/\" rel=\"category tag\">Art\u00edculos STIMULAN<\/a>, <a href=\"https:\/\/biotechsa.com\/2\/category\/articulos-cientificos\/\" rel=\"category tag\">Art\u00edculos Cient\u00edficos<\/a> | 0 Comments<\/p><div class=\"et_pb_slide_content_body\"><p>Uso-no-indicado-en-la-etiqueta&#8230;<\/p>\n<\/div><\/div><div class=\"et_pb_button_wrapper\"><a class=\"et_pb_button et_pb_more_button\" href=\"https:\/\/biotechsa.com\/2\/articulos-cientificos\/articulos-stimulan\/uso-no-indicado-en-la-etiqueta-de-perlas-absorbibles-que-contienen-antibioticos-para-la-prevencion-de-infecciones-en-el-sitio-quirurgico\/\">Read More<\/a><\/div><\/div><\/div><\/div><\/div><div class=\"et_pb_slide et_pb_slide_with_no_image et_pb_post_slide-2188\" style=\"background-image:\"><div class=\"et_pb_slide_overlay_container\"><\/div><div class=\"et_pb_container clearfix\"><div class=\"et_pb_slider_container_inner\"><div class=\"et_pb_slide_description\"><h2 class=\"et_pb_slide_title\"><a href=\"https:\/\/biotechsa.com\/2\/articulos-cientificos\/articulos-stimulan\/manejo-de-la-mediastinitis-postrasplante-cardiaco-mediante-mediastinoscopia-y-perlas-antibioticas-de-liberacion-prolongada\/\">Manejo de la mediastinitis postrasplante cardiaco mediante mediastinoscopia y perlas antibi\u00f3ticas de liberaci\u00f3n prolongada<\/a><\/h2><div class=\"et_pb_slide_content\"><p class=\"post-meta\">by <span class=\"author vcard\"><a href=\"https:\/\/biotechsa.com\/2\/author\/biotechsa\/\" title=\"Posts by Biotechsa\" rel=\"author\">Biotechsa<\/a><\/span> | <span class=\"published\">noviembre 4, 2020<\/span> | <a href=\"https:\/\/biotechsa.com\/2\/category\/articulos-cientificos\/\" rel=\"category tag\">Art\u00edculos Cient\u00edficos<\/a>, <a href=\"https:\/\/biotechsa.com\/2\/category\/articulos-cientificos\/articulos-stimulan\/\" rel=\"category tag\">Art\u00edculos STIMULAN<\/a> | 0 Comments<\/p><div class=\"et_pb_slide_content_body\"><p>Manejo-de-la-mediastinitis-pos&#8230;<\/p>\n<\/div><\/div><div class=\"et_pb_button_wrapper\"><a class=\"et_pb_button et_pb_more_button\" href=\"https:\/\/biotechsa.com\/2\/articulos-cientificos\/articulos-stimulan\/manejo-de-la-mediastinitis-postrasplante-cardiaco-mediante-mediastinoscopia-y-perlas-antibioticas-de-liberacion-prolongada\/\">Read More<\/a><\/div><\/div><\/div><\/div><\/div><div class=\"et_pb_slide et_pb_post_slide-3663\" style=\"background-image:url(https:\/\/biotechsa.com\/2\/wp-content\/uploads\/2021\/09\/Uso-artroscopicamente-asistido-de-sustitutos-de-injerto-oseo-inyectables-para-el-tratamiento-de-no-uniones-del-escafoides.jpg)\"><div class=\"et_pb_slide_overlay_container\"><\/div><div class=\"et_pb_container clearfix\"><div class=\"et_pb_slider_container_inner\"><div class=\"et_pb_slide_description\"><h2 class=\"et_pb_slide_title\"><a href=\"https:\/\/biotechsa.com\/2\/articulos-cientificos\/articulos-genex\/uso-artroscopicamente-asistido-de-sustitutos-de-injerto-oseo-inyectables-para-el-tratamiento-de-no-uniones-del-escafoides\/\">Uso artrosc\u00f3picamente asistido de sustitutos de injerto \u00f3seo inyectables para el tratamiento de no uniones del escafoides<\/a><\/h2><div class=\"et_pb_slide_content\"><p class=\"post-meta\">by <span class=\"author vcard\"><a href=\"https:\/\/biotechsa.com\/2\/author\/biotechsa\/\" title=\"Posts by Biotechsa\" rel=\"author\">Biotechsa<\/a><\/span> | <span class=\"published\">septiembre 9, 2021<\/span> | <a href=\"https:\/\/biotechsa.com\/2\/category\/articulos-cientificos\/\" rel=\"category tag\">Art\u00edculos Cient\u00edficos<\/a>, <a href=\"https:\/\/biotechsa.com\/2\/category\/articulos-cientificos\/articulos-genex\/\" rel=\"category tag\">Art\u00edculos Genex<\/a> | 2 Comments<\/p><div class=\"et_pb_slide_content_body\"><p>Uso-artroscopicamente-asistido&#8230;<\/p>\n<\/div><\/div><div class=\"et_pb_button_wrapper\"><a class=\"et_pb_button et_pb_more_button\" href=\"https:\/\/biotechsa.com\/2\/articulos-cientificos\/articulos-genex\/uso-artroscopicamente-asistido-de-sustitutos-de-injerto-oseo-inyectables-para-el-tratamiento-de-no-uniones-del-escafoides\/\">Read More<\/a><\/div><\/div><\/div><\/div><\/div><div class=\"et_pb_slide et_pb_post_slide-7745\" style=\"background-image:url(https:\/\/biotechsa.com\/2\/wp-content\/uploads\/2024\/07\/Plantillas-para-difundir-articulos.png)\"><div class=\"et_pb_slide_overlay_container\"><\/div><div class=\"et_pb_container clearfix\"><div class=\"et_pb_slider_container_inner\"><div class=\"et_pb_slide_description\"><h2 class=\"et_pb_slide_title\"><a href=\"https:\/\/biotechsa.com\/2\/articulos-cientificos\/articulos-stimulan\/stimulan-en-artroplastias-con-infeccion-de-cadera\/\">La eficacia de las perlas de sulfato de calcio cargadas de antibi\u00f3ticos (Stimulan) en pacientes con infecciones por artroplastia de cadera<\/a><\/h2><div class=\"et_pb_slide_content\"><p class=\"post-meta\">by <span class=\"author vcard\"><a href=\"https:\/\/biotechsa.com\/2\/author\/biotechsa\/\" title=\"Posts by Biotechsa\" rel=\"author\">Biotechsa<\/a><\/span> | <span class=\"published\">julio 19, 2024<\/span> | <a href=\"https:\/\/biotechsa.com\/2\/category\/articulos-cientificos\/\" rel=\"category tag\">Art\u00edculos Cient\u00edficos<\/a>, <a href=\"https:\/\/biotechsa.com\/2\/category\/articulos-cientificos\/articulos-stimulan\/\" rel=\"category tag\">Art\u00edculos STIMULAN<\/a> | 0 Comments<\/p><div class=\"et_pb_slide_content_body\"><p>Dado que la artroplastia de&#8230;<\/p>\n<\/div><\/div><div class=\"et_pb_button_wrapper\"><a class=\"et_pb_button et_pb_more_button\" href=\"https:\/\/biotechsa.com\/2\/articulos-cientificos\/articulos-stimulan\/stimulan-en-artroplastias-con-infeccion-de-cadera\/\">Read More<\/a><\/div><\/div><\/div><\/div><\/div><\/div><\/div><\/div><\/div><\/div>","protected":false},"excerpt":{"rendered":"","protected":false},"author":2,"featured_media":1966,"comment_status":"open","ping_status":"open","sticky":false,"template":"","format":"standard","meta":{"footnotes":""},"categories":[25],"tags":[],"class_list":["post-1965","post","type-post","status-publish","format-standard","has-post-thumbnail","hentry","category-noticias"],"_links":{"self":[{"href":"https:\/\/biotechsa.com\/2\/wp-json\/wp\/v2\/posts\/1965","targetHints":{"allow":["GET"]}}],"collection":[{"href":"https:\/\/biotechsa.com\/2\/wp-json\/wp\/v2\/posts"}],"about":[{"href":"https:\/\/biotechsa.com\/2\/wp-json\/wp\/v2\/types\/post"}],"author":[{"embeddable":true,"href":"https:\/\/biotechsa.com\/2\/wp-json\/wp\/v2\/users\/2"}],"replies":[{"embeddable":true,"href":"https:\/\/biotechsa.com\/2\/wp-json\/wp\/v2\/comments?post=1965"}],"version-history":[{"count":1,"href":"https:\/\/biotechsa.com\/2\/wp-json\/wp\/v2\/posts\/1965\/revisions"}],"predecessor-version":[{"id":11162,"href":"https:\/\/biotechsa.com\/2\/wp-json\/wp\/v2\/posts\/1965\/revisions\/11162"}],"wp:featuredmedia":[{"embeddable":true,"href":"https:\/\/biotechsa.com\/2\/wp-json\/wp\/v2\/media\/1966"}],"wp:attachment":[{"href":"https:\/\/biotechsa.com\/2\/wp-json\/wp\/v2\/media?parent=1965"}],"wp:term":[{"taxonomy":"category","embeddable":true,"href":"https:\/\/biotechsa.com\/2\/wp-json\/wp\/v2\/categories?post=1965"},{"taxonomy":"post_tag","embeddable":true,"href":"https:\/\/biotechsa.com\/2\/wp-json\/wp\/v2\/tags?post=1965"}],"curies":[{"name":"wp","href":"https:\/\/api.w.org\/{rel}","templated":true}]}}