{"id":1440,"date":"2020-06-17T18:33:02","date_gmt":"2020-06-17T18:33:02","guid":{"rendered":"https:\/\/biotechsa.com\/2\/?p=1440"},"modified":"2026-03-10T12:57:14","modified_gmt":"2026-03-10T18:57:14","slug":"el-estilo-de-vida-bacteriano-altera-la-evolucion-de-la-resistencia-a-los-antibioticos","status":"publish","type":"post","link":"https:\/\/biotechsa.com\/2\/noticias\/el-estilo-de-vida-bacteriano-altera-la-evolucion-de-la-resistencia-a-los-antibioticos\/","title":{"rendered":"El estilo de vida bacteriano altera la evoluci\u00f3n de la resistencia a los antibi\u00f3ticos."},"content":{"rendered":"<div class=\"et_pb_section_0 et_pb_section et_section_regular et_block_section\"><div class=\"et_pb_row_0 et_pb_row et_block_row\"><div class=\"et_pb_column_0 et_pb_column et_pb_column_4_4 et-last-child et_block_column et_pb_css_mix_blend_mode_passthrough\"><div class=\"et_pb_image_0 et_pb_image et_pb_module et_block_module\"><span class=\"et_pb_image_wrap\"><img decoding=\"async\" src=\"https:\/\/photos.app.goo.gl\/YEFVye1Uq7DTcbdd9\" \/><\/span><\/div><div class=\"et_pb_text_0 et_pb_text et_pb_bg_layout_light et_pb_module et_block_module\"><div class=\"et_pb_text_inner\"><p style=\"text-align: justify;\">Investigadores de la Facultad de Medicina de la Universidad de Pittsburgh descubrieron recientemente resultados sorprendentes despu\u00e9s de inducir resistencia a los antibi\u00f3ticos en cultivos de bacterias en su laboratorio. Science Daily inform\u00f3 sobre sus hallazgos, que mostraron que cuando las bacterias se expon\u00edan repetidamente a la droga ciprofloxacina, su estilo de vida dictaba las adaptaciones espec\u00edficas que surgieron.<\/p>\n<p style=\"text-align: justify;\">Los cient\u00edficos descubrieron que cuando la biopel\u00edcula se volvi\u00f3 resistente a la ciprofloxacina, tambi\u00e9n se volvi\u00f3 susceptible a las cefalosporinas. Sin embargo, las bacterias que flotan libremente no desarrollaron esta vulnerabilidad y se volvieron 128 veces m\u00e1s resistentes a la ciprofloxacina que las bacterias cultivadas con biopel\u00edculas.<\/p>\n<p style=\"text-align: justify;\">Alfonso Santos-L\u00f3pez, Ph.D., autor principal del estudio, describi\u00f3 esto como &#8220;sensibilidad colateral&#8221;, lo que significa que &#8220;cuando las bacterias desarrollan resistencia a un f\u00e1rmaco, puede exponer una vulnerabilidad a una clase diferente de antibi\u00f3ticos que pueden matar efectivamente a las bacterias&#8221;. &#8221; Santos-L\u00f3pez declar\u00f3 que &#8220;conocer estas relaciones evolutivas de empujar y tirar podr\u00eda eliminar las conjeturas de la prescripci\u00f3n de antibi\u00f3ticos&#8221;. Los resultados de este estudio destacan la importancia de estudiar las bacterias, ya que ocurren naturalmente en las biopel\u00edculas.<\/p>\n<\/div><\/div><div class=\"et_pb_text_1 et_pb_text et_pb_bg_layout_light et_pb_module et_block_module\"><div class=\"et_pb_text_inner\"><p><span style=\"color: #003366;\"><a href=\"https:\/\/www.sciencedaily.com\/releases\/2019\/10\/191023075137.htm\" target=\"_blank\" rel=\"noopener noreferrer\" style=\"color: #003366;\">Haga clic aqu\u00ed para obtener m\u00e1s informaci\u00f3n sobre este descubrimiento y ver el art\u00edculo completo.<\/a><\/span><\/p>\n<\/div><\/div><\/div><\/div><\/div><div class=\"et_pb_section_1 et_pb_section et_section_regular et_block_section\"><div class=\"et_pb_row_1 et_pb_row et_block_row\"><div class=\"et_pb_column_1 et_pb_column et_pb_column_4_4 et-last-child et_block_column et_pb_css_mix_blend_mode_passthrough\"><div class=\"et_pb_code_0 et_pb_code et_pb_module\"><div class=\"et_pb_code_inner\"><!-- Begin Mailchimp Signup Form -->\n<link href=\"\/\/cdn-images.mailchimp.com\/embedcode\/slim-10_7.css\" rel=\"stylesheet\" type=\"text\/css\">\n<style type=\"text\/css\">\n\t#mc_embed_signup{background:#aec7ff; clear:left; font:14px Helvetica,Arial,sans-serif; }\n\t\/* Add your own Mailchimp form style overrides in your site stylesheet or in this style block.\n\t   We recommend moving this block and the preceding CSS link to the HEAD of your HTML file. *\/\n<\/style>\n<div id=\"mc_embed_signup\">\n<form action=\"https:\/\/biotechsa.us20.list-manage.com\/subscribe\/post?u=8ea663bff4a97c9e57969f325&#038;id=75db4c7051\" method=\"post\" id=\"mc-embedded-subscribe-form\" name=\"mc-embedded-subscribe-form\" class=\"validate\" target=\"_blank\" novalidate>\n    <div id=\"mc_embed_signup_scroll\">\n\t<label for=\"mce-EMAIL\">Suscribete y recibe en tu correo noticias relevantes y ofertas especiales de nuestros productos<\/label>\n\t<input type=\"email\" value=\"\" name=\"EMAIL\" class=\"email\" id=\"mce-EMAIL\" placeholder=\"email address\" required>\n    <!-- real people should not fill this in and expect good things - do not remove this or risk form bot signups-->\n    <div style=\"position: absolute; left: -5000px;\" aria-hidden=\"true\"><input type=\"text\" name=\"b_8ea663bff4a97c9e57969f325_75db4c7051\" tabindex=\"-1\" value=\"\"><\/div>\n    <div class=\"clear\"><input type=\"submit\" value=\"Subscribe\" name=\"subscribe\" id=\"mc-embedded-subscribe\" class=\"button\"><\/div>\n    <\/div>\n<\/form>\n<\/div>\n\n<!--End mc_embed_signup--><\/div><\/div><\/div><\/div><\/div><div class=\"et_pb_section_2 et_pb_section et_section_regular et_block_section\"><div class=\"et_pb_row_2 et_pb_row et_block_row\"><div class=\"et_pb_column_2 et_pb_column et_pb_column_1_2 et_block_column et_pb_css_mix_blend_mode_passthrough\"><div class=\"et_pb_post_slider_0 et_pb_post_slider et_pb_bg_layout_dark et_pb_slider et_pb_slider_fullwidth_off et_pb_post_slider_image_background et_pb_slider_with_overlay et_pb_module et_block_module\"><div class=\"et_pb_slides\"><div class=\"et_pb_slide et_pb_post_slide-3697\" style=\"background-image:url(https:\/\/biotechsa.com\/2\/wp-content\/uploads\/2021\/09\/CDC-to-spend-2.1B-to-bolster-US-infection-control-and-prevention-efforts.jpg)\"><div class=\"et_pb_slide_overlay_container\"><\/div><div class=\"et_pb_container clearfix\"><div class=\"et_pb_slider_container_inner\"><div class=\"et_pb_slide_description\"><h2 class=\"et_pb_slide_title\"><a href=\"https:\/\/biotechsa.com\/2\/noticias\/cdc-to-spend-2-1b-to-bolster-us-infection-control-and-prevention-efforts\/\">CDC to spend $2.1B to bolster US infection control and prevention efforts<\/a><\/h2><div class=\"et_pb_slide_content\"><p class=\"post-meta\">by <span class=\"author vcard\"><a href=\"https:\/\/biotechsa.com\/2\/author\/biotechsa\/\" title=\"Posts by Biotechsa\" rel=\"author\">Biotechsa<\/a><\/span> | <span class=\"published\">septiembre 23, 2021<\/span> | <a href=\"https:\/\/biotechsa.com\/2\/category\/noticias\/\" rel=\"category tag\">Noticias<\/a> | 0 Comments<\/p><div class=\"et_pb_slide_content_body\"><p>Becker\u2019s Hospital Review recently reported on&#8230;<\/p>\n<\/div><\/div><div class=\"et_pb_button_wrapper\"><a class=\"et_pb_button et_pb_more_button\" href=\"https:\/\/biotechsa.com\/2\/noticias\/cdc-to-spend-2-1b-to-bolster-us-infection-control-and-prevention-efforts\/\">M\u00e1s informaci\u00f3n<\/a><\/div><\/div><\/div><\/div><\/div><div class=\"et_pb_slide et_pb_post_slide-1970\" style=\"background-image:url(https:\/\/biotechsa.com\/2\/wp-content\/uploads\/2020\/10\/Interview-with-Dr.-Michael-Greene-on-considerations-regarding-the-consent-process-for-procedures-performed-by-medical-students-and-residents..jpg)\"><div class=\"et_pb_slide_overlay_container\"><\/div><div class=\"et_pb_container clearfix\"><div class=\"et_pb_slider_container_inner\"><div class=\"et_pb_slide_description\"><h2 class=\"et_pb_slide_title\"><a href=\"https:\/\/biotechsa.com\/2\/noticias\/interview-with-dr-michael-greene-on-considerations-regarding-the-consent-process-for-procedures-performed-by-medical-students-and-residents\/\">Interview with Dr. Michael Greene on considerations regarding the consent process for procedures performed by medical students and residents.<\/a><\/h2><div class=\"et_pb_slide_content\"><p class=\"post-meta\">by <span class=\"author vcard\"><a href=\"https:\/\/biotechsa.com\/2\/author\/biotechsa\/\" title=\"Posts by Biotechsa\" rel=\"author\">Biotechsa<\/a><\/span> | <span class=\"published\">octubre 1, 2020<\/span> | <a href=\"https:\/\/biotechsa.com\/2\/category\/noticias\/\" rel=\"category tag\">Noticias<\/a>, <a href=\"https:\/\/biotechsa.com\/2\/category\/webinar\/entrevistas\/\" rel=\"category tag\">Entrevistas (Audio)<\/a> | 0 Comments<\/p><div class=\"et_pb_slide_content_body\"><p>Michael Greene is a member of the Department of&#8230;<\/p>\n<\/div><\/div><div class=\"et_pb_button_wrapper\"><a class=\"et_pb_button et_pb_more_button\" href=\"https:\/\/biotechsa.com\/2\/noticias\/interview-with-dr-michael-greene-on-considerations-regarding-the-consent-process-for-procedures-performed-by-medical-students-and-residents\/\">M\u00e1s informaci\u00f3n<\/a><\/div><\/div><\/div><\/div><\/div><div class=\"et_pb_slide et_pb_post_slide-1440\" style=\"background-image:url(https:\/\/biotechsa.com\/2\/wp-content\/uploads\/2020\/06\/El-estilo-de-vida-bacteriano-altera-la-evoluci\u00f3n-de-la-resistencia-a-los-antibi\u00f3ticos..jpg)\"><div class=\"et_pb_slide_overlay_container\"><\/div><div class=\"et_pb_container clearfix\"><div class=\"et_pb_slider_container_inner\"><div class=\"et_pb_slide_description\"><h2 class=\"et_pb_slide_title\"><a href=\"https:\/\/biotechsa.com\/2\/noticias\/el-estilo-de-vida-bacteriano-altera-la-evolucion-de-la-resistencia-a-los-antibioticos\/\">El estilo de vida bacteriano altera la evoluci\u00f3n de la resistencia a los antibi\u00f3ticos.<\/a><\/h2><div class=\"et_pb_slide_content\"><p class=\"post-meta\">by <span class=\"author vcard\"><a href=\"https:\/\/biotechsa.com\/2\/author\/biotechsa\/\" title=\"Posts by Biotechsa\" rel=\"author\">Biotechsa<\/a><\/span> | <span class=\"published\">junio 17, 2020<\/span> | <a href=\"https:\/\/biotechsa.com\/2\/category\/noticias\/\" rel=\"category tag\">Noticias<\/a> | 0 Comments<\/p><div class=\"et_pb_slide_content_body\"><p>Investigadores de la Facultad de Medicina de la&#8230;<\/p>\n<\/div><\/div><div class=\"et_pb_button_wrapper\"><a class=\"et_pb_button et_pb_more_button\" href=\"https:\/\/biotechsa.com\/2\/noticias\/el-estilo-de-vida-bacteriano-altera-la-evolucion-de-la-resistencia-a-los-antibioticos\/\">M\u00e1s informaci\u00f3n<\/a><\/div><\/div><\/div><\/div><\/div><div class=\"et_pb_slide et_pb_post_slide-1545\" style=\"background-image:url(https:\/\/biotechsa.com\/2\/wp-content\/uploads\/2020\/07\/podcast-OTA.jpg)\"><div class=\"et_pb_slide_overlay_container\"><\/div><div class=\"et_pb_container clearfix\"><div class=\"et_pb_slider_container_inner\"><div class=\"et_pb_slide_description\"><h2 class=\"et_pb_slide_title\"><a href=\"https:\/\/biotechsa.com\/2\/noticias\/el-podcast-de-ota-ota-specialty-day-series-episodio-11-tecnica-de-compresion-de-unas-para-no-uniones\/\">OTA Specialty Day Series &#8211; Episode 11: Compression Nail Technique for Nonunions<\/a><\/h2><div class=\"et_pb_slide_content\"><p class=\"post-meta\">by <span class=\"author vcard\"><a href=\"https:\/\/biotechsa.com\/2\/author\/biotechsa\/\" title=\"Posts by Biotechsa\" rel=\"author\">Biotechsa<\/a><\/span> | <span class=\"published\">julio 9, 2020<\/span> | <a href=\"https:\/\/biotechsa.com\/2\/category\/noticias\/\" rel=\"category tag\">Noticias<\/a>, <a href=\"https:\/\/biotechsa.com\/2\/category\/articulos-cientificos\/\" rel=\"category tag\">Art\u00edculos Cient\u00edficos<\/a>, <a href=\"https:\/\/biotechsa.com\/2\/category\/articulos-cientificos\/articulos-stimulan\/\" rel=\"category tag\">Art\u00edculos STIMULAN<\/a>, <a href=\"https:\/\/biotechsa.com\/2\/category\/webinar\/entrevistas\/\" rel=\"category tag\">Entrevistas (Audio)<\/a> | 0 Comments<\/p><div class=\"et_pb_slide_content_body\"><p>Tenemos un verdadero gusto para ustedes esta&#8230;<\/p>\n<\/div><\/div><div class=\"et_pb_button_wrapper\"><a class=\"et_pb_button et_pb_more_button\" href=\"https:\/\/biotechsa.com\/2\/noticias\/el-podcast-de-ota-ota-specialty-day-series-episodio-11-tecnica-de-compresion-de-unas-para-no-uniones\/\">M\u00e1s informaci\u00f3n<\/a><\/div><\/div><\/div><\/div><\/div><div class=\"et_pb_slide et_pb_post_slide-2215\" style=\"background-image:url(https:\/\/biotechsa.com\/2\/wp-content\/uploads\/2020\/11\/To-fight-surgical-superbugs-biotechsa.jpg)\"><div class=\"et_pb_slide_overlay_container\"><\/div><div class=\"et_pb_container clearfix\"><div class=\"et_pb_slider_container_inner\"><div class=\"et_pb_slide_description\"><h2 class=\"et_pb_slide_title\"><a href=\"https:\/\/biotechsa.com\/2\/noticias\/to-fight-surgical-superbugs-who-recommends-new-guidelines\/\">To fight surgical superbugs, WHO recommends new guidelines<\/a><\/h2><div class=\"et_pb_slide_content\"><p class=\"post-meta\">by <span class=\"author vcard\"><a href=\"https:\/\/biotechsa.com\/2\/author\/biotechsa\/\" title=\"Posts by Biotechsa\" rel=\"author\">Biotechsa<\/a><\/span> | <span class=\"published\">noviembre 11, 2020<\/span> | <a href=\"https:\/\/biotechsa.com\/2\/category\/noticias\/\" rel=\"category tag\">Noticias<\/a> | 0 Comments<\/p><div class=\"et_pb_slide_content_body\"><p>The World Health Organization (WHO) stated that&#8230;<\/p>\n<\/div><\/div><div class=\"et_pb_button_wrapper\"><a class=\"et_pb_button et_pb_more_button\" href=\"https:\/\/biotechsa.com\/2\/noticias\/to-fight-surgical-superbugs-who-recommends-new-guidelines\/\">M\u00e1s informaci\u00f3n<\/a><\/div><\/div><\/div><\/div><\/div><div class=\"et_pb_slide et_pb_post_slide-3584\" style=\"background-image:url(https:\/\/biotechsa.com\/2\/wp-content\/uploads\/2021\/08\/Reducing-antibiotic-use-in-primary-care-may-be-insufficient-alone-to-curtail-antimicrobial-resistance.jpg)\"><div class=\"et_pb_slide_overlay_container\"><\/div><div class=\"et_pb_container clearfix\"><div class=\"et_pb_slider_container_inner\"><div class=\"et_pb_slide_description\"><h2 class=\"et_pb_slide_title\"><a href=\"https:\/\/biotechsa.com\/2\/noticias\/reducing-antibiotic-use-in-primary-care-may-be-insufficient-alone-to-curtail-antimicrobial-resistance\/\">Reducing antibiotic use in primary care may be insufficient alone to curtail antimicrobial resistance<\/a><\/h2><div class=\"et_pb_slide_content\"><p class=\"post-meta\">by <span class=\"author vcard\"><a href=\"https:\/\/biotechsa.com\/2\/author\/biotechsa\/\" title=\"Posts by Biotechsa\" rel=\"author\">Biotechsa<\/a><\/span> | <span class=\"published\">agosto 12, 2021<\/span> | <a href=\"https:\/\/biotechsa.com\/2\/category\/noticias\/\" rel=\"category tag\">Noticias<\/a> | 0 Comments<\/p><div class=\"et_pb_slide_content_body\"><p>Medical Xpress reported on the recent findings&#8230;<\/p>\n<\/div><\/div><div class=\"et_pb_button_wrapper\"><a class=\"et_pb_button et_pb_more_button\" href=\"https:\/\/biotechsa.com\/2\/noticias\/reducing-antibiotic-use-in-primary-care-may-be-insufficient-alone-to-curtail-antimicrobial-resistance\/\">M\u00e1s informaci\u00f3n<\/a><\/div><\/div><\/div><\/div><\/div><div class=\"et_pb_slide et_pb_post_slide-2115\" style=\"background-image:url(https:\/\/biotechsa.com\/2\/wp-content\/uploads\/2020\/10\/dia-del-medico-en-mexico-23-de-octubre.jpg)\"><div class=\"et_pb_slide_overlay_container\"><\/div><div class=\"et_pb_container clearfix\"><div class=\"et_pb_slider_container_inner\"><div class=\"et_pb_slide_description\"><h2 class=\"et_pb_slide_title\"><a href=\"https:\/\/biotechsa.com\/2\/noticias\/dia-del-medico-en-mexico-23-de-octubre\/\">D\u00cdA DEL M\u00c9DICO EN M\u00c9XICO \u2013 23 DE OCTUBRE<\/a><\/h2><div class=\"et_pb_slide_content\"><p class=\"post-meta\">by <span class=\"author vcard\"><a href=\"https:\/\/biotechsa.com\/2\/author\/biotechsa\/\" title=\"Posts by Biotechsa\" rel=\"author\">Biotechsa<\/a><\/span> | <span class=\"published\">octubre 20, 2020<\/span> | <a href=\"https:\/\/biotechsa.com\/2\/category\/noticias\/\" rel=\"category tag\">Noticias<\/a> | 0 Comments<\/p><div class=\"et_pb_slide_content_body\"><p>Aunque a nivel mundial el d\u00eda del m\u00e9dico se&#8230;<\/p>\n<\/div><\/div><div class=\"et_pb_button_wrapper\"><a class=\"et_pb_button et_pb_more_button\" href=\"https:\/\/biotechsa.com\/2\/noticias\/dia-del-medico-en-mexico-23-de-octubre\/\">M\u00e1s informaci\u00f3n<\/a><\/div><\/div><\/div><\/div><\/div><div class=\"et_pb_slide et_pb_post_slide-2773\" style=\"background-image:url(https:\/\/biotechsa.com\/2\/wp-content\/uploads\/2021\/02\/ESTRES-OXIDATIVO-Y-OSTEOARTRITIS-synolis-va.png)\"><div class=\"et_pb_slide_overlay_container\"><\/div><div class=\"et_pb_container clearfix\"><div class=\"et_pb_slider_container_inner\"><div class=\"et_pb_slide_description\"><h2 class=\"et_pb_slide_title\"><a href=\"https:\/\/biotechsa.com\/2\/noticias\/estres-oxidativo-y-osteoartritis-synolis-va\/\">ESTR\u00c9S OXIDATIVO Y OSTEOARTRITIS &#8211; SYNOLIS VA<\/a><\/h2><div class=\"et_pb_slide_content\"><p class=\"post-meta\">by <span class=\"author vcard\"><a href=\"https:\/\/biotechsa.com\/2\/author\/biotechsa\/\" title=\"Posts by Biotechsa\" rel=\"author\">Biotechsa<\/a><\/span> | <span class=\"published\">febrero 23, 2021<\/span> | <a href=\"https:\/\/biotechsa.com\/2\/category\/noticias\/\" rel=\"category tag\">Noticias<\/a> | 0 Comments<\/p><div class=\"et_pb_slide_content_body\"><p>INTRODUCCI\u00d3N El estr\u00e9s oxidativo y las ROS&#8230;<\/p>\n<\/div><\/div><div class=\"et_pb_button_wrapper\"><a class=\"et_pb_button et_pb_more_button\" href=\"https:\/\/biotechsa.com\/2\/noticias\/estres-oxidativo-y-osteoartritis-synolis-va\/\">M\u00e1s informaci\u00f3n<\/a><\/div><\/div><\/div><\/div><\/div><div class=\"et_pb_slide et_pb_post_slide-9886\" style=\"background-image:url(https:\/\/biotechsa.com\/2\/wp-content\/uploads\/2025\/08\/Lilly-pharma.webp)\"><div class=\"et_pb_slide_overlay_container\"><\/div><div class=\"et_pb_container clearfix\"><div class=\"et_pb_slider_container_inner\"><div class=\"et_pb_slide_description\"><h2 class=\"et_pb_slide_title\"><a href=\"https:\/\/biotechsa.com\/2\/noticias\/fda-ajusta-la-formula-de-kisunla-para-hacerlo-mas-seguro\/\">FDA ajusta la \u201cf\u00f3rmula\u201d de Kisunla para hacerlo m\u00e1s seguro<\/a><\/h2><div class=\"et_pb_slide_content\"><p class=\"post-meta\">by <span class=\"author vcard\"><a href=\"https:\/\/biotechsa.com\/2\/author\/rafael-capilla\/\" title=\"Posts by Rafael Capilla\" rel=\"author\">Rafael Capilla<\/a><\/span> | <span class=\"published\">agosto 8, 2025<\/span> | <a href=\"https:\/\/biotechsa.com\/2\/category\/medicina-y-salud\/\" rel=\"category tag\">Medicina y Salud<\/a>, <a href=\"https:\/\/biotechsa.com\/2\/category\/noticias\/\" rel=\"category tag\">Noticias<\/a> | 0 Comments<\/p><div class=\"et_pb_slide_content_body\"><p>La FDA aprob\u00f3 un cambio en las instrucciones de&#8230;<\/p>\n<\/div><\/div><div class=\"et_pb_button_wrapper\"><a class=\"et_pb_button et_pb_more_button\" href=\"https:\/\/biotechsa.com\/2\/noticias\/fda-ajusta-la-formula-de-kisunla-para-hacerlo-mas-seguro\/\">M\u00e1s informaci\u00f3n<\/a><\/div><\/div><\/div><\/div><\/div><div class=\"et_pb_slide et_pb_post_slide-1563\" style=\"background-image:url(https:\/\/biotechsa.com\/2\/wp-content\/uploads\/2020\/07\/Antibiotic_Resistance.jpg)\"><div class=\"et_pb_slide_overlay_container\"><\/div><div class=\"et_pb_container clearfix\"><div class=\"et_pb_slider_container_inner\"><div class=\"et_pb_slide_description\"><h2 class=\"et_pb_slide_title\"><a href=\"https:\/\/biotechsa.com\/2\/noticias\/antibiotic-combinations-may-boost-resistance-study-finds\/\">Antibiotic combinations may boost resistance, study finds<\/a><\/h2><div class=\"et_pb_slide_content\"><p class=\"post-meta\">by <span class=\"author vcard\"><a href=\"https:\/\/biotechsa.com\/2\/author\/biotechsa\/\" title=\"Posts by Biotechsa\" rel=\"author\">Biotechsa<\/a><\/span> | <span class=\"published\">julio 16, 2020<\/span> | <a href=\"https:\/\/biotechsa.com\/2\/category\/noticias\/\" rel=\"category tag\">Noticias<\/a> | 0 Comments<\/p><div class=\"et_pb_slide_content_body\"><p>Becker\u2019s Hospital Review recently reported on a&#8230;<\/p>\n<\/div><\/div><div class=\"et_pb_button_wrapper\"><a class=\"et_pb_button et_pb_more_button\" href=\"https:\/\/biotechsa.com\/2\/noticias\/antibiotic-combinations-may-boost-resistance-study-finds\/\">M\u00e1s informaci\u00f3n<\/a><\/div><\/div><\/div><\/div><\/div><\/div><\/div><\/div><div class=\"et_pb_column_3 et_pb_column et_pb_column_1_2 et-last-child et_block_column et_pb_css_mix_blend_mode_passthrough\"><div class=\"et_pb_post_slider_1 et_pb_post_slider et_pb_bg_layout_dark et_pb_slider et_pb_slider_fullwidth_off et_pb_post_slider_image_background et_pb_slider_with_overlay et_pb_module et_block_module\"><div class=\"et_pb_slides\"><div class=\"et_pb_slide et_pb_slide_with_no_image et_pb_post_slide-969\" style=\"background-image:\"><div class=\"et_pb_slide_overlay_container\"><\/div><div class=\"et_pb_container clearfix\"><div class=\"et_pb_slider_container_inner\"><div class=\"et_pb_slide_description\"><h2 class=\"et_pb_slide_title\"><a href=\"https:\/\/biotechsa.com\/2\/articulos-cientificos\/articulos-stimulan\/in-vitro-elution-of-daptomycin-by-a-synthetic-crystallic-semihydrate-form-of-calcium-sulfate-stimulan\/\">In Vitro Elution of Daptomycin by a Synthetic Crystallic Semihydrate Form of Calcium Sulfate, Stimulan<\/a><\/h2><div class=\"et_pb_slide_content\"><p class=\"post-meta\">by <span class=\"author vcard\"><a href=\"https:\/\/biotechsa.com\/2\/author\/biotechsa\/\" title=\"Posts by Biotechsa\" rel=\"author\">Biotechsa<\/a><\/span> | <span class=\"published\">febrero 26, 2020<\/span> | <a href=\"https:\/\/biotechsa.com\/2\/category\/articulos-cientificos\/\" rel=\"category tag\">Art\u00edculos Cient\u00edficos<\/a>, <a href=\"https:\/\/biotechsa.com\/2\/category\/articulos-cientificos\/articulos-stimulan\/\" rel=\"category tag\">Art\u00edculos STIMULAN<\/a> | 0 Comments<\/p><div class=\"et_pb_slide_content_body\"><p>In-Vitro-Elution-of-Daptomycin&#8230;<\/p>\n<\/div><\/div><div class=\"et_pb_button_wrapper\"><a class=\"et_pb_button et_pb_more_button\" href=\"https:\/\/biotechsa.com\/2\/articulos-cientificos\/articulos-stimulan\/in-vitro-elution-of-daptomycin-by-a-synthetic-crystallic-semihydrate-form-of-calcium-sulfate-stimulan\/\">Read More<\/a><\/div><\/div><\/div><\/div><\/div><div class=\"et_pb_slide et_pb_post_slide-1759\" style=\"background-image:url(https:\/\/biotechsa.com\/2\/wp-content\/uploads\/2020\/08\/Webinar-con-el-Dr.-Fernando-L.-Sanchez-STIMULAN-en-Infecciones-Musculoesqueleticas.jpg)\"><div class=\"et_pb_slide_overlay_container\"><\/div><div class=\"et_pb_container clearfix\"><div class=\"et_pb_slider_container_inner\"><div class=\"et_pb_slide_description\"><h2 class=\"et_pb_slide_title\"><a href=\"https:\/\/biotechsa.com\/2\/articulos-cientificos\/articulos-stimulan\/webinar-con-el-dr-fernando-l-sanchez-stimulan-en-infecciones-musculoesqueleticas\/\">Webinar con el Dr. Fernando L. Sanchez &#8211; STIMULAN en Infecciones Musculoesquel\u00e9ticas<\/a><\/h2><div class=\"et_pb_slide_content\"><p class=\"post-meta\">by <span class=\"author vcard\"><a href=\"https:\/\/biotechsa.com\/2\/author\/biotechsa\/\" title=\"Posts by Biotechsa\" rel=\"author\">Biotechsa<\/a><\/span> | <span class=\"published\">agosto 25, 2020<\/span> | <a href=\"https:\/\/biotechsa.com\/2\/category\/articulos-cientificos\/\" rel=\"category tag\">Art\u00edculos Cient\u00edficos<\/a>, <a href=\"https:\/\/biotechsa.com\/2\/category\/articulos-cientificos\/articulos-stimulan\/\" rel=\"category tag\">Art\u00edculos STIMULAN<\/a> | 0 Comments<\/p><div class=\"et_pb_slide_content_body\"><p>El Dr. Fernando L. Sanchez&#8230;<\/p>\n<\/div><\/div><div class=\"et_pb_button_wrapper\"><a class=\"et_pb_button et_pb_more_button\" href=\"https:\/\/biotechsa.com\/2\/articulos-cientificos\/articulos-stimulan\/webinar-con-el-dr-fernando-l-sanchez-stimulan-en-infecciones-musculoesqueleticas\/\">Read More<\/a><\/div><\/div><\/div><\/div><\/div><div class=\"et_pb_slide et_pb_slide_with_no_image et_pb_post_slide-1813\" style=\"background-image:\"><div class=\"et_pb_slide_overlay_container\"><\/div><div class=\"et_pb_container clearfix\"><div class=\"et_pb_slider_container_inner\"><div class=\"et_pb_slide_description\"><h2 class=\"et_pb_slide_title\"><a href=\"https:\/\/biotechsa.com\/2\/articulos-cientificos\/articulos-stimulan\/bone-healing-response-to-a-synthetic-calcium-sulfate-b-tricalcium-phosphate-graft-material-in-a-sheep-vertebral-body-defect-model\/\">Bone healing response to a synthetic calcium sulfate\/b-tricalcium phosphate graft material in a sheep vertebral body defect model<\/a><\/h2><div class=\"et_pb_slide_content\"><p class=\"post-meta\">by <span class=\"author vcard\"><a href=\"https:\/\/biotechsa.com\/2\/author\/biotechsa\/\" title=\"Posts by Biotechsa\" rel=\"author\">Biotechsa<\/a><\/span> | <span class=\"published\">septiembre 10, 2020<\/span> | <a href=\"https:\/\/biotechsa.com\/2\/category\/articulos-cientificos\/\" rel=\"category tag\">Art\u00edculos Cient\u00edficos<\/a>, <a href=\"https:\/\/biotechsa.com\/2\/category\/articulos-cientificos\/articulos-stimulan\/\" rel=\"category tag\">Art\u00edculos STIMULAN<\/a> | 0 Comments<\/p><div class=\"et_pb_slide_content_body\"><p>Bone-healing-response-to-a-syn&#8230;<\/p>\n<\/div><\/div><div class=\"et_pb_button_wrapper\"><a class=\"et_pb_button et_pb_more_button\" href=\"https:\/\/biotechsa.com\/2\/articulos-cientificos\/articulos-stimulan\/bone-healing-response-to-a-synthetic-calcium-sulfate-b-tricalcium-phosphate-graft-material-in-a-sheep-vertebral-body-defect-model\/\">Read More<\/a><\/div><\/div><\/div><\/div><\/div><div class=\"et_pb_slide et_pb_slide_with_no_image et_pb_post_slide-2239\" style=\"background-image:\"><div class=\"et_pb_slide_overlay_container\"><\/div><div class=\"et_pb_container clearfix\"><div class=\"et_pb_slider_container_inner\"><div class=\"et_pb_slide_description\"><h2 class=\"et_pb_slide_title\"><a href=\"https:\/\/biotechsa.com\/2\/articulos-cientificos\/articulos-stimulan\/management-of-periprosthetic-joint-infection-following-total-hip-arthroplasty-the-one-stage-exchange\/\">Management of Periprosthetic Joint Infection Following Total Hip Arthroplasty: The One-Stage Exchange<\/a><\/h2><div class=\"et_pb_slide_content\"><p class=\"post-meta\">by <span class=\"author vcard\"><a href=\"https:\/\/biotechsa.com\/2\/author\/biotechsa\/\" title=\"Posts by Biotechsa\" rel=\"author\">Biotechsa<\/a><\/span> | <span class=\"published\">noviembre 19, 2020<\/span> | <a href=\"https:\/\/biotechsa.com\/2\/category\/articulos-cientificos\/\" rel=\"category tag\">Art\u00edculos Cient\u00edficos<\/a>, <a href=\"https:\/\/biotechsa.com\/2\/category\/articulos-cientificos\/articulos-stimulan\/\" rel=\"category tag\">Art\u00edculos STIMULAN<\/a> | 0 Comments<\/p><div class=\"et_pb_slide_content_body\"><p>Managemente-of-periprosthetic-&#8230;<\/p>\n<\/div><\/div><div class=\"et_pb_button_wrapper\"><a class=\"et_pb_button et_pb_more_button\" href=\"https:\/\/biotechsa.com\/2\/articulos-cientificos\/articulos-stimulan\/management-of-periprosthetic-joint-infection-following-total-hip-arthroplasty-the-one-stage-exchange\/\">Read More<\/a><\/div><\/div><\/div><\/div><\/div><div class=\"et_pb_slide et_pb_slide_with_no_image et_pb_post_slide-1962\" style=\"background-image:\"><div class=\"et_pb_slide_overlay_container\"><\/div><div class=\"et_pb_container clearfix\"><div class=\"et_pb_slider_container_inner\"><div class=\"et_pb_slide_description\"><h2 class=\"et_pb_slide_title\"><a href=\"https:\/\/biotechsa.com\/2\/articulos-cientificos\/articulos-stimulan\/treatment-of-cavitary-bone-defects-in-chronic-osteomyelitis-bioactive-glass-s53p4-vs-calcium-sulphate-antibiotic-beads\/\">Treatment of Cavitary Bone Defects in Chronic Osteomyelitis: Bioactive glass S53P4 vs. Calcium Sulphate Antibiotic Beads<\/a><\/h2><div class=\"et_pb_slide_content\"><p class=\"post-meta\">by <span class=\"author vcard\"><a href=\"https:\/\/biotechsa.com\/2\/author\/biotechsa\/\" title=\"Posts by Biotechsa\" rel=\"author\">Biotechsa<\/a><\/span> | <span class=\"published\">octubre 1, 2020<\/span> | <a href=\"https:\/\/biotechsa.com\/2\/category\/articulos-cientificos\/\" rel=\"category tag\">Art\u00edculos Cient\u00edficos<\/a>, <a href=\"https:\/\/biotechsa.com\/2\/category\/articulos-cientificos\/articulos-stimulan\/\" rel=\"category tag\">Art\u00edculos STIMULAN<\/a> | 0 Comments<\/p><div class=\"et_pb_slide_content_body\"><p>Treatment-of-Cavitary-bone-def&#8230;<\/p>\n<\/div><\/div><div class=\"et_pb_button_wrapper\"><a class=\"et_pb_button et_pb_more_button\" href=\"https:\/\/biotechsa.com\/2\/articulos-cientificos\/articulos-stimulan\/treatment-of-cavitary-bone-defects-in-chronic-osteomyelitis-bioactive-glass-s53p4-vs-calcium-sulphate-antibiotic-beads\/\">Read More<\/a><\/div><\/div><\/div><\/div><\/div><div class=\"et_pb_slide et_pb_post_slide-2071\" style=\"background-image:url(https:\/\/biotechsa.com\/2\/wp-content\/uploads\/2020\/03\/stimulan-biotechsa.jpg)\"><div class=\"et_pb_slide_overlay_container\"><\/div><div class=\"et_pb_container clearfix\"><div class=\"et_pb_slider_container_inner\"><div class=\"et_pb_slide_description\"><h2 class=\"et_pb_slide_title\"><a href=\"https:\/\/biotechsa.com\/2\/articulos-cientificos\/articulos-stimulan\/osteomielitis\/\">\u00bfQu\u00e9 es la osteomielitis?<\/a><\/h2><div class=\"et_pb_slide_content\"><p class=\"post-meta\">by <span class=\"author vcard\"><a href=\"https:\/\/biotechsa.com\/2\/author\/biotechsa\/\" title=\"Posts by Biotechsa\" rel=\"author\">Biotechsa<\/a><\/span> | <span class=\"published\">octubre 13, 2020<\/span> | <a href=\"https:\/\/biotechsa.com\/2\/category\/articulos-cientificos\/\" rel=\"category tag\">Art\u00edculos Cient\u00edficos<\/a>, <a href=\"https:\/\/biotechsa.com\/2\/category\/articulos-cientificos\/articulos-stimulan\/\" rel=\"category tag\">Art\u00edculos STIMULAN<\/a> | 0 Comments<\/p><div class=\"et_pb_slide_content_body\"><p>El Dr. Pablo S. Corona&#8230;<\/p>\n<\/div><\/div><div class=\"et_pb_button_wrapper\"><a class=\"et_pb_button et_pb_more_button\" href=\"https:\/\/biotechsa.com\/2\/articulos-cientificos\/articulos-stimulan\/osteomielitis\/\">Read More<\/a><\/div><\/div><\/div><\/div><\/div><div class=\"et_pb_slide et_pb_slide_with_no_image et_pb_post_slide-1737\" style=\"background-image:\"><div class=\"et_pb_slide_overlay_container\"><\/div><div class=\"et_pb_container clearfix\"><div class=\"et_pb_slider_container_inner\"><div class=\"et_pb_slide_description\"><h2 class=\"et_pb_slide_title\"><a href=\"https:\/\/biotechsa.com\/2\/articulos-cientificos\/articulos-stimulan\/the-use-of-locally-delivered-highly-purified-calcium-sulphate-impregnated-with-antibiotics-in-the-management-of-the-diabetic-foot-with-osteomyelitis\/\">THE USE OF LOCALLY DELIVERED HIGHLY PURIFIED CALCIUM SULPHATE IMPREGNATED WITH ANTIBIOTICS IN THE MANAGEMENT OF THE DIABETIC FOOT WITH OSTEOMYELITIS<\/a><\/h2><div class=\"et_pb_slide_content\"><p class=\"post-meta\">by <span class=\"author vcard\"><a href=\"https:\/\/biotechsa.com\/2\/author\/biotechsa\/\" title=\"Posts by Biotechsa\" rel=\"author\">Biotechsa<\/a><\/span> | <span class=\"published\">agosto 20, 2020<\/span> | <a href=\"https:\/\/biotechsa.com\/2\/category\/articulos-cientificos\/\" rel=\"category tag\">Art\u00edculos Cient\u00edficos<\/a>, <a href=\"https:\/\/biotechsa.com\/2\/category\/articulos-cientificos\/articulos-stimulan\/\" rel=\"category tag\">Art\u00edculos STIMULAN<\/a> | 0 Comments<\/p><div class=\"et_pb_slide_content_body\"><p>THE-USE-OF-LOCALLY-DELIVERED-H&#8230;<\/p>\n<\/div><\/div><div class=\"et_pb_button_wrapper\"><a class=\"et_pb_button et_pb_more_button\" href=\"https:\/\/biotechsa.com\/2\/articulos-cientificos\/articulos-stimulan\/the-use-of-locally-delivered-highly-purified-calcium-sulphate-impregnated-with-antibiotics-in-the-management-of-the-diabetic-foot-with-osteomyelitis\/\">Read More<\/a><\/div><\/div><\/div><\/div><\/div><div class=\"et_pb_slide et_pb_slide_with_no_image et_pb_post_slide-1137\" style=\"background-image:\"><div class=\"et_pb_slide_overlay_container\"><\/div><div class=\"et_pb_container clearfix\"><div class=\"et_pb_slider_container_inner\"><div class=\"et_pb_slide_description\"><h2 class=\"et_pb_slide_title\"><a href=\"https:\/\/biotechsa.com\/2\/articulos-cientificos\/articulos-genex\/effect-of-a-synthetic-osteoconductive-bone-graft-substitute-with-zeta-potential-control-genexds-in-the-treatment-of-intertrochanteric-fracture-a-single-center-experience-of-115-consecutive-pr\/\">Effect of a synthetic osteoconductive bone graft substitute with zeta potential control (geneX\u00aeds) in the treatment of intertrochanteric fracture: A single center experience of 115 consecutive proximal femoral nail antirotations<\/a><\/h2><div class=\"et_pb_slide_content\"><p class=\"post-meta\">by <span class=\"author vcard\"><a href=\"https:\/\/biotechsa.com\/2\/author\/biotechsa\/\" title=\"Posts by Biotechsa\" rel=\"author\">Biotechsa<\/a><\/span> | <span class=\"published\">abril 9, 2020<\/span> | <a href=\"https:\/\/biotechsa.com\/2\/category\/articulos-cientificos\/articulos-genex\/\" rel=\"category tag\">Art\u00edculos Genex<\/a>, <a href=\"https:\/\/biotechsa.com\/2\/category\/articulos-cientificos\/\" rel=\"category tag\">Art\u00edculos Cient\u00edficos<\/a> | 0 Comments<\/p><div class=\"et_pb_slide_content_body\"><p>Effect-of-a-synthetic-osteocon&#8230;<\/p>\n<\/div><\/div><div class=\"et_pb_button_wrapper\"><a class=\"et_pb_button et_pb_more_button\" href=\"https:\/\/biotechsa.com\/2\/articulos-cientificos\/articulos-genex\/effect-of-a-synthetic-osteoconductive-bone-graft-substitute-with-zeta-potential-control-genexds-in-the-treatment-of-intertrochanteric-fracture-a-single-center-experience-of-115-consecutive-pr\/\">Read More<\/a><\/div><\/div><\/div><\/div><\/div><div class=\"et_pb_slide et_pb_post_slide-8142\" style=\"background-image:url(https:\/\/biotechsa.com\/2\/wp-content\/uploads\/2024\/11\/Displacia-de-tibia.jpg)\"><div class=\"et_pb_slide_overlay_container\"><\/div><div class=\"et_pb_container clearfix\"><div class=\"et_pb_slider_container_inner\"><div class=\"et_pb_slide_description\"><h2 class=\"et_pb_slide_title\"><a href=\"https:\/\/biotechsa.com\/2\/articulos-cientificos\/articulos-genex\/displasia-osteofibrosa-de-tibia-reporte-de-caso\/\">Displasia osteofibrosa de tibia: reporte de caso<\/a><\/h2><div class=\"et_pb_slide_content\"><p class=\"post-meta\">by <span class=\"author vcard\"><a href=\"https:\/\/biotechsa.com\/2\/author\/biotechsa\/\" title=\"Posts by Biotechsa\" rel=\"author\">Biotechsa<\/a><\/span> | <span class=\"published\">noviembre 28, 2024<\/span> | <a href=\"https:\/\/biotechsa.com\/2\/category\/articulos-cientificos\/\" rel=\"category tag\">Art\u00edculos Cient\u00edficos<\/a>, <a href=\"https:\/\/biotechsa.com\/2\/category\/articulos-cientificos\/articulos-genex\/\" rel=\"category tag\">Art\u00edculos Genex<\/a> | 0 Comments<\/p><div class=\"et_pb_slide_content_body\"><p>La displasia osteofibrosa&#8230;<\/p>\n<\/div><\/div><div class=\"et_pb_button_wrapper\"><a class=\"et_pb_button et_pb_more_button\" href=\"https:\/\/biotechsa.com\/2\/articulos-cientificos\/articulos-genex\/displasia-osteofibrosa-de-tibia-reporte-de-caso\/\">Read More<\/a><\/div><\/div><\/div><\/div><\/div><div class=\"et_pb_slide et_pb_post_slide-8005\" style=\"background-image:url(https:\/\/biotechsa.com\/2\/wp-content\/uploads\/2024\/10\/Fractura-intertrocantereas-femorales-inestables.png)\"><div class=\"et_pb_slide_overlay_container\"><\/div><div class=\"et_pb_container clearfix\"><div class=\"et_pb_slider_container_inner\"><div class=\"et_pb_slide_description\"><h2 class=\"et_pb_slide_title\"><a href=\"https:\/\/biotechsa.com\/2\/articulos-cientificos\/articulos-genex\/la-aplicacion-de-genex-para-el-tratamiento-de-fracturas-intertrocantericas-osteoporoticas\/\">La aplicaci\u00f3n de GeneX para tratar fracturas intertrocant\u00e9ricas osteopor\u00f3ticas<\/a><\/h2><div class=\"et_pb_slide_content\"><p class=\"post-meta\">by <span class=\"author vcard\"><a href=\"https:\/\/biotechsa.com\/2\/author\/biotechsa\/\" title=\"Posts by Biotechsa\" rel=\"author\">Biotechsa<\/a><\/span> | <span class=\"published\">octubre 4, 2024<\/span> | <a href=\"https:\/\/biotechsa.com\/2\/category\/articulos-cientificos\/\" rel=\"category tag\">Art\u00edculos Cient\u00edficos<\/a>, <a href=\"https:\/\/biotechsa.com\/2\/category\/articulos-cientificos\/articulos-genex\/\" rel=\"category tag\">Art\u00edculos Genex<\/a> | 0 Comments<\/p><div class=\"et_pb_slide_content_body\"><p>Este estudio evalu\u00f3 la&#8230;<\/p>\n<\/div><\/div><div class=\"et_pb_button_wrapper\"><a class=\"et_pb_button et_pb_more_button\" href=\"https:\/\/biotechsa.com\/2\/articulos-cientificos\/articulos-genex\/la-aplicacion-de-genex-para-el-tratamiento-de-fracturas-intertrocantericas-osteoporoticas\/\">Read More<\/a><\/div><\/div><\/div><\/div><\/div><\/div><\/div><\/div><\/div><\/div>","protected":false},"excerpt":{"rendered":"","protected":false},"author":2,"featured_media":1442,"comment_status":"open","ping_status":"open","sticky":false,"template":"","format":"standard","meta":{"footnotes":""},"categories":[25],"tags":[],"class_list":["post-1440","post","type-post","status-publish","format-standard","has-post-thumbnail","hentry","category-noticias"],"_links":{"self":[{"href":"https:\/\/biotechsa.com\/2\/wp-json\/wp\/v2\/posts\/1440","targetHints":{"allow":["GET"]}}],"collection":[{"href":"https:\/\/biotechsa.com\/2\/wp-json\/wp\/v2\/posts"}],"about":[{"href":"https:\/\/biotechsa.com\/2\/wp-json\/wp\/v2\/types\/post"}],"author":[{"embeddable":true,"href":"https:\/\/biotechsa.com\/2\/wp-json\/wp\/v2\/users\/2"}],"replies":[{"embeddable":true,"href":"https:\/\/biotechsa.com\/2\/wp-json\/wp\/v2\/comments?post=1440"}],"version-history":[{"count":2,"href":"https:\/\/biotechsa.com\/2\/wp-json\/wp\/v2\/posts\/1440\/revisions"}],"predecessor-version":[{"id":11138,"href":"https:\/\/biotechsa.com\/2\/wp-json\/wp\/v2\/posts\/1440\/revisions\/11138"}],"wp:featuredmedia":[{"embeddable":true,"href":"https:\/\/biotechsa.com\/2\/wp-json\/wp\/v2\/media\/1442"}],"wp:attachment":[{"href":"https:\/\/biotechsa.com\/2\/wp-json\/wp\/v2\/media?parent=1440"}],"wp:term":[{"taxonomy":"category","embeddable":true,"href":"https:\/\/biotechsa.com\/2\/wp-json\/wp\/v2\/categories?post=1440"},{"taxonomy":"post_tag","embeddable":true,"href":"https:\/\/biotechsa.com\/2\/wp-json\/wp\/v2\/tags?post=1440"}],"curies":[{"name":"wp","href":"https:\/\/api.w.org\/{rel}","templated":true}]}}