{"id":1340,"date":"2020-05-21T21:15:01","date_gmt":"2020-05-21T21:15:01","guid":{"rendered":"https:\/\/biotechsa.com\/2\/?p=1340"},"modified":"2026-03-10T12:57:01","modified_gmt":"2026-03-10T18:57:01","slug":"la-resistencia-a-los-antibioticos-en-tanzania-es-un-problema-ambiental","status":"publish","type":"post","link":"https:\/\/biotechsa.com\/2\/noticias\/la-resistencia-a-los-antibioticos-en-tanzania-es-un-problema-ambiental\/","title":{"rendered":"La resistencia a los antibi\u00f3ticos en Tanzania es un problema ambiental"},"content":{"rendered":"<div class=\"et_pb_section_0 et_pb_section et_section_regular et_block_section\"><div class=\"et_pb_row_0 et_pb_row et_block_row\"><div class=\"et_pb_column_0 et_pb_column et_pb_column_4_4 et-last-child et_block_column et_pb_css_mix_blend_mode_passthrough\"><div class=\"et_pb_image_0 et_pb_image et_pb_module et_block_module\"><span class=\"et_pb_image_wrap\"><img decoding=\"async\" src=\"https:\/\/photos.app.goo.gl\/YEFVye1Uq7DTcbdd9\" \/><\/span><\/div><div class=\"et_pb_text_0 et_pb_text et_pb_bg_layout_light et_pb_module et_block_module\"><div class=\"et_pb_text_inner\"><p style=\"text-align: justify;\">Investigadores de la Universidad Estatal de Washington (WSU) encontraron que la transmisi\u00f3n de bacterias en el medio ambiente es el factor m\u00e1s importante que impulsa la resistencia a los antibi\u00f3ticos en Tanzania. Seg\u00fan ScienceDaily, los hallazgos de un estudio de cuatro a\u00f1os dirigido por investigadores de la Escuela Paul G. Allen de Salud Animal Global de la WSU, muestran que \u201cla transmisi\u00f3n ambiental en lugar del uso de antibi\u00f3ticos explica la presencia de bacterias resistentes a los antibi\u00f3ticos en las personas, los animales dom\u00e9sticos y la vida silvestre . &#8220;<\/p>\n<p style=\"text-align: justify;\">\n<p style=\"text-align: justify;\">El estudio comenz\u00f3 en 2012 e involucr\u00f3 a 425 hogares de 13 aldeas en el noreste de Tanzania. Los investigadores recolectaron datos sobre las actividades diarias de las personas, obtuvieron muestras de agua y recolectaron muestras fecales de personas, ganado dom\u00e9stico, pollos, perros y vida silvestre para analizar m\u00e1s de 61,000 aislamientos bacterianos. Las bacterias resistentes a los antibi\u00f3ticos prevalecieron en las fuentes de agua y se encontraron en m\u00e1s del 50% de las heces de la vida silvestre analizadas. Dependiendo de la comunidad muestreada, tambi\u00e9n se encontraron bacterias resistentes en el 65% de las personas y en el 50% de los perros evaluados.<\/p>\n<p style=\"text-align: justify;\">\n<p style=\"text-align: justify;\">Douglas Call, profesor de Regentes y director asociado de investigaci\u00f3n en la Escuela Allen, declar\u00f3 que &#8220;dentro de las comunidades empobrecidas, hay muchas oportunidades para que las bacterias se propaguen entre los animales y las personas a trav\u00e9s del contacto con los desechos o el consumo de alimentos y agua contaminados&#8221;. La resistencia similar observada entre la vida silvestre y los animales dom\u00e9sticos &#8220;es un factor que muestra c\u00f3mo la transmisi\u00f3n bacteriana juega un papel tan importante en este sistema&#8221;.<\/p>\n<p style=\"text-align: justify;\">\n<p style=\"text-align: justify;\">Estos hallazgos son el primer paso para abordar los riesgos para la salud. Mark Caudell, primer autor de este trabajo, declar\u00f3 que &#8220;hasta que la higiene y la infraestructura mejoren, y la transmisi\u00f3n comience a disminuir, es poco probable que la administraci\u00f3n de antibi\u00f3ticos por s\u00ed sola tenga mucho impacto&#8221;.<\/p>\n<\/div><\/div><div class=\"et_pb_text_1 et_pb_text et_pb_bg_layout_light et_pb_module et_block_module\"><div class=\"et_pb_text_inner\"><p><span style=\"color: #003366;\"><a href=\"https:\/\/www.sciencedaily.com\/releases\/2020\/01\/200130081627.htm\" target=\"_blank\" rel=\"noopener noreferrer\" style=\"color: #003366;\">Haga clic aqu\u00ed para obtener m\u00e1s informaci\u00f3n sobre este descubrimiento y ver el art\u00edculo completo.<\/a><\/span><\/p>\n<\/div><\/div><\/div><\/div><\/div><div class=\"et_pb_section_1 et_pb_section et_section_regular et_block_section\"><div class=\"et_pb_row_1 et_pb_row et_block_row\"><div class=\"et_pb_column_1 et_pb_column et_pb_column_4_4 et-last-child et_block_column et_pb_css_mix_blend_mode_passthrough\"><div class=\"et_pb_code_0 et_pb_code et_pb_module\"><div class=\"et_pb_code_inner\"><!-- Begin Mailchimp Signup Form -->\n<link href=\"\/\/cdn-images.mailchimp.com\/embedcode\/slim-10_7.css\" rel=\"stylesheet\" type=\"text\/css\">\n<style type=\"text\/css\">\n\t#mc_embed_signup{background:#aec7ff; clear:left; font:14px Helvetica,Arial,sans-serif; }\n\t\/* Add your own Mailchimp form style overrides in your site stylesheet or in this style block.\n\t   We recommend moving this block and the preceding CSS link to the HEAD of your HTML file. *\/\n<\/style>\n<div id=\"mc_embed_signup\">\n<form action=\"https:\/\/biotechsa.us20.list-manage.com\/subscribe\/post?u=8ea663bff4a97c9e57969f325&#038;id=75db4c7051\" method=\"post\" id=\"mc-embedded-subscribe-form\" name=\"mc-embedded-subscribe-form\" class=\"validate\" target=\"_blank\" novalidate>\n    <div id=\"mc_embed_signup_scroll\">\n\t<label for=\"mce-EMAIL\">Suscribete y recibe en tu correo noticias relevantes y ofertas especiales de nuestros productos<\/label>\n\t<input type=\"email\" value=\"\" name=\"EMAIL\" class=\"email\" id=\"mce-EMAIL\" placeholder=\"email address\" required>\n    <!-- real people should not fill this in and expect good things - do not remove this or risk form bot signups-->\n    <div style=\"position: absolute; left: -5000px;\" aria-hidden=\"true\"><input type=\"text\" name=\"b_8ea663bff4a97c9e57969f325_75db4c7051\" tabindex=\"-1\" value=\"\"><\/div>\n    <div class=\"clear\"><input type=\"submit\" value=\"Subscribe\" name=\"subscribe\" id=\"mc-embedded-subscribe\" class=\"button\"><\/div>\n    <\/div>\n<\/form>\n<\/div>\n\n<!--End mc_embed_signup--><\/div><\/div><\/div><\/div><\/div><div class=\"et_pb_section_2 et_pb_section et_section_regular et_block_section\"><div class=\"et_pb_row_2 et_pb_row et_block_row\"><div class=\"et_pb_column_2 et_pb_column et_pb_column_1_2 et_block_column et_pb_css_mix_blend_mode_passthrough\"><div class=\"et_pb_post_slider_0 et_pb_post_slider et_pb_bg_layout_dark et_pb_slider et_pb_slider_fullwidth_off et_pb_post_slider_image_background et_pb_slider_with_overlay et_pb_module et_block_module\"><div class=\"et_pb_slides\"><div class=\"et_pb_slide et_pb_post_slide-3814\" style=\"background-image:url(https:\/\/biotechsa.com\/2\/wp-content\/uploads\/2021\/10\/Living-medicine-created-to-treat-drug-resistant-infections.jpg)\"><div class=\"et_pb_slide_overlay_container\"><\/div><div class=\"et_pb_container clearfix\"><div class=\"et_pb_slider_container_inner\"><div class=\"et_pb_slide_description\"><h2 class=\"et_pb_slide_title\"><a href=\"https:\/\/biotechsa.com\/2\/noticias\/living-medicine-created-to-treat-drug-resistant-infections\/\">&#8216;Living medicine&#8217; created to treat drug-resistant infections<\/a><\/h2><div class=\"et_pb_slide_content\"><p class=\"post-meta\">by <span class=\"author vcard\"><a href=\"https:\/\/biotechsa.com\/2\/author\/biotechsa\/\" title=\"Posts by Biotechsa\" rel=\"author\">Biotechsa<\/a><\/span> | <span class=\"published\">octubre 14, 2021<\/span> | <a href=\"https:\/\/biotechsa.com\/2\/category\/noticias\/\" rel=\"category tag\">Noticias<\/a> | 0 Comments<\/p><div class=\"et_pb_slide_content_body\"><p>Researchers at the Centre for Genomic Regulation&#8230;<\/p>\n<\/div><\/div><div class=\"et_pb_button_wrapper\"><a class=\"et_pb_button et_pb_more_button\" href=\"https:\/\/biotechsa.com\/2\/noticias\/living-medicine-created-to-treat-drug-resistant-infections\/\">M\u00e1s informaci\u00f3n<\/a><\/div><\/div><\/div><\/div><\/div><div class=\"et_pb_slide et_pb_post_slide-10557\" style=\"background-image:url(https:\/\/biotechsa.com\/2\/wp-content\/uploads\/2026\/01\/CHLA-Blog-Vaccination-Schedule-1200x628-01.jpg)\"><div class=\"et_pb_slide_overlay_container\"><\/div><div class=\"et_pb_container clearfix\"><div class=\"et_pb_slider_container_inner\"><div class=\"et_pb_slide_description\"><h2 class=\"et_pb_slide_title\"><a href=\"https:\/\/biotechsa.com\/2\/noticias\/controversia-recorte-plan-de-vacunacion-eua\/\">Recorte dr\u00e1stico en el plan de vacunaci\u00f3n en Estados Unidos: la decisi\u00f3n que ya est\u00e1 dando de qu\u00e9 hablar<\/a><\/h2><div class=\"et_pb_slide_content\"><p class=\"post-meta\">by <span class=\"author vcard\"><a href=\"https:\/\/biotechsa.com\/2\/author\/paola\/\" title=\"Posts by Paola Gonz\u00e1lez\" rel=\"author\">Paola Gonz\u00e1lez<\/a><\/span> | <span class=\"published\">enero 7, 2026<\/span> | <a href=\"https:\/\/biotechsa.com\/2\/category\/medicina-y-salud\/\" rel=\"category tag\">Medicina y Salud<\/a>, <a href=\"https:\/\/biotechsa.com\/2\/category\/noticias\/\" rel=\"category tag\">Noticias<\/a> | 0 Comments<\/p><div class=\"et_pb_slide_content_body\"><p>Tras una revisi\u00f3n de 20 protocolos de vacunaci\u00f3n&#8230;<\/p>\n<\/div><\/div><div class=\"et_pb_button_wrapper\"><a class=\"et_pb_button et_pb_more_button\" href=\"https:\/\/biotechsa.com\/2\/noticias\/controversia-recorte-plan-de-vacunacion-eua\/\">M\u00e1s informaci\u00f3n<\/a><\/div><\/div><\/div><\/div><\/div><div class=\"et_pb_slide et_pb_post_slide-3317\" style=\"background-image:url(https:\/\/biotechsa.com\/2\/wp-content\/uploads\/2021\/04\/Still-not-enough-antibiotics-in-the-works-to-fight-superbugs-WHO-says-biotechsa.jpg)\"><div class=\"et_pb_slide_overlay_container\"><\/div><div class=\"et_pb_container clearfix\"><div class=\"et_pb_slider_container_inner\"><div class=\"et_pb_slide_description\"><h2 class=\"et_pb_slide_title\"><a href=\"https:\/\/biotechsa.com\/2\/noticias\/still-not-enough-antibiotics-in-the-works-to-fight-superbugs-who-says\/\">Still not enough antibiotics in the works to fight superbugs, WHO says<\/a><\/h2><div class=\"et_pb_slide_content\"><p class=\"post-meta\">by <span class=\"author vcard\"><a href=\"https:\/\/biotechsa.com\/2\/author\/biotechsa\/\" title=\"Posts by Biotechsa\" rel=\"author\">Biotechsa<\/a><\/span> | <span class=\"published\">abril 27, 2021<\/span> | <a href=\"https:\/\/biotechsa.com\/2\/category\/noticias\/\" rel=\"category tag\">Noticias<\/a> | 0 Comments<\/p><div class=\"et_pb_slide_content_body\"><p>In a new report shared by Becker\u2019s Hospital&#8230;<\/p>\n<\/div><\/div><div class=\"et_pb_button_wrapper\"><a class=\"et_pb_button et_pb_more_button\" href=\"https:\/\/biotechsa.com\/2\/noticias\/still-not-enough-antibiotics-in-the-works-to-fight-superbugs-who-says\/\">M\u00e1s informaci\u00f3n<\/a><\/div><\/div><\/div><\/div><\/div><div class=\"et_pb_slide et_pb_post_slide-3489\" style=\"background-image:url(https:\/\/biotechsa.com\/2\/wp-content\/uploads\/2021\/06\/prefessor-venu-kavarthapu-biotechsa-mexico.png)\"><div class=\"et_pb_slide_overlay_container\"><\/div><div class=\"et_pb_container clearfix\"><div class=\"et_pb_slider_container_inner\"><div class=\"et_pb_slide_description\"><h2 class=\"et_pb_slide_title\"><a href=\"https:\/\/biotechsa.com\/2\/noticias\/webinar-management-of-the-infected-diabetic-foot\/\">WEBINAR &#8211; Management of the Infected Diabetic Foot<\/a><\/h2><div class=\"et_pb_slide_content\"><p class=\"post-meta\">by <span class=\"author vcard\"><a href=\"https:\/\/biotechsa.com\/2\/author\/biotechsa\/\" title=\"Posts by Biotechsa\" rel=\"author\">Biotechsa<\/a><\/span> | <span class=\"published\">junio 14, 2021<\/span> | <a href=\"https:\/\/biotechsa.com\/2\/category\/noticias\/\" rel=\"category tag\">Noticias<\/a> | 0 Comments<\/p><div class=\"et_pb_slide_content_body\"><p>\u00a1Est\u00e1n Invitados! &nbsp; Est\u00e1 invitado a unirse&#8230;<\/p>\n<\/div><\/div><div class=\"et_pb_button_wrapper\"><a class=\"et_pb_button et_pb_more_button\" href=\"https:\/\/biotechsa.com\/2\/noticias\/webinar-management-of-the-infected-diabetic-foot\/\">M\u00e1s informaci\u00f3n<\/a><\/div><\/div><\/div><\/div><\/div><div class=\"et_pb_slide et_pb_post_slide-3400\" style=\"background-image:url(https:\/\/biotechsa.com\/2\/wp-content\/uploads\/2021\/05\/How-plankton-hold-secrets-to-preventing-pandemics-biotechsa-news.jpg)\"><div class=\"et_pb_slide_overlay_container\"><\/div><div class=\"et_pb_container clearfix\"><div class=\"et_pb_slider_container_inner\"><div class=\"et_pb_slide_description\"><h2 class=\"et_pb_slide_title\"><a href=\"https:\/\/biotechsa.com\/2\/noticias\/how-plankton-hold-secrets-to-preventing-pandemics\/\">How plankton hold secrets to preventing pandemics<\/a><\/h2><div class=\"et_pb_slide_content\"><p class=\"post-meta\">by <span class=\"author vcard\"><a href=\"https:\/\/biotechsa.com\/2\/author\/biotechsa\/\" title=\"Posts by Biotechsa\" rel=\"author\">Biotechsa<\/a><\/span> | <span class=\"published\">mayo 20, 2021<\/span> | <a href=\"https:\/\/biotechsa.com\/2\/category\/noticias\/\" rel=\"category tag\">Noticias<\/a> | 0 Comments<\/p><div class=\"et_pb_slide_content_body\"><p>A team of researchers led by postdoctoral&#8230;<\/p>\n<\/div><\/div><div class=\"et_pb_button_wrapper\"><a class=\"et_pb_button et_pb_more_button\" href=\"https:\/\/biotechsa.com\/2\/noticias\/how-plankton-hold-secrets-to-preventing-pandemics\/\">M\u00e1s informaci\u00f3n<\/a><\/div><\/div><\/div><\/div><\/div><div class=\"et_pb_slide et_pb_post_slide-3336\" style=\"background-image:url(https:\/\/biotechsa.com\/2\/wp-content\/uploads\/2021\/05\/Rapid-evolution-and-host-immunity-drive-the-rise-and-fall-of-antibiotic-resistance-during-acute-infection.jpg)\"><div class=\"et_pb_slide_overlay_container\"><\/div><div class=\"et_pb_container clearfix\"><div class=\"et_pb_slider_container_inner\"><div class=\"et_pb_slide_description\"><h2 class=\"et_pb_slide_title\"><a href=\"https:\/\/biotechsa.com\/2\/noticias\/rapid-evolution-and-host-immunity-drive-the-rise-and-fall-of-antibiotic-resistance-during-acute-infection\/\">Rapid evolution and host immunity drive the rise and fall of antibiotic resistance during acute infection<\/a><\/h2><div class=\"et_pb_slide_content\"><p class=\"post-meta\">by <span class=\"author vcard\"><a href=\"https:\/\/biotechsa.com\/2\/author\/biotechsa\/\" title=\"Posts by Biotechsa\" rel=\"author\">Biotechsa<\/a><\/span> | <span class=\"published\">mayo 5, 2021<\/span> | <a href=\"https:\/\/biotechsa.com\/2\/category\/noticias\/\" rel=\"category tag\">Noticias<\/a> | 0 Comments<\/p><div class=\"et_pb_slide_content_body\"><p>Resistant infections now cause more than 750,000&#8230;<\/p>\n<\/div><\/div><div class=\"et_pb_button_wrapper\"><a class=\"et_pb_button et_pb_more_button\" href=\"https:\/\/biotechsa.com\/2\/noticias\/rapid-evolution-and-host-immunity-drive-the-rise-and-fall-of-antibiotic-resistance-during-acute-infection\/\">M\u00e1s informaci\u00f3n<\/a><\/div><\/div><\/div><\/div><\/div><div class=\"et_pb_slide et_pb_post_slide-10400\" style=\"background-image:url(https:\/\/biotechsa.com\/2\/wp-content\/uploads\/2025\/11\/2023-03-23_12-51-35-700x454-1.webp)\"><div class=\"et_pb_slide_overlay_container\"><\/div><div class=\"et_pb_container clearfix\"><div class=\"et_pb_slider_container_inner\"><div class=\"et_pb_slide_description\"><h2 class=\"et_pb_slide_title\"><a href=\"https:\/\/biotechsa.com\/2\/noticias\/nueva-normativa-prescripcion-de-medicamentos\/\">Enfermeras y pasantes de Medicina en M\u00e9xico ya pueden recetar medicamentos<\/a><\/h2><div class=\"et_pb_slide_content\"><p class=\"post-meta\">by <span class=\"author vcard\"><a href=\"https:\/\/biotechsa.com\/2\/author\/paola\/\" title=\"Posts by Paola Gonz\u00e1lez\" rel=\"author\">Paola Gonz\u00e1lez<\/a><\/span> | <span class=\"published\">noviembre 12, 2025<\/span> | <a href=\"https:\/\/biotechsa.com\/2\/category\/medicina-y-salud\/\" rel=\"category tag\">Medicina y Salud<\/a>, <a href=\"https:\/\/biotechsa.com\/2\/category\/noticias\/\" rel=\"category tag\">Noticias<\/a> | 0 Comments<\/p><div class=\"et_pb_slide_content_body\"><p>A partir del 21 de octubre de 2025 el sistema de&#8230;<\/p>\n<\/div><\/div><div class=\"et_pb_button_wrapper\"><a class=\"et_pb_button et_pb_more_button\" href=\"https:\/\/biotechsa.com\/2\/noticias\/nueva-normativa-prescripcion-de-medicamentos\/\">M\u00e1s informaci\u00f3n<\/a><\/div><\/div><\/div><\/div><\/div><div class=\"et_pb_slide et_pb_post_slide-1817\" style=\"background-image:url(https:\/\/biotechsa.com\/2\/wp-content\/uploads\/2020\/09\/Treating-COVID-19-may-increase-antibiotic-resistance-1.jpg)\"><div class=\"et_pb_slide_overlay_container\"><\/div><div class=\"et_pb_container clearfix\"><div class=\"et_pb_slider_container_inner\"><div class=\"et_pb_slide_description\"><h2 class=\"et_pb_slide_title\"><a href=\"https:\/\/biotechsa.com\/2\/noticias\/treating-covid-19-may-increase-antibiotic-resistance\/\">Treating COVID-19 may increase antibiotic resistance<\/a><\/h2><div class=\"et_pb_slide_content\"><p class=\"post-meta\">by <span class=\"author vcard\"><a href=\"https:\/\/biotechsa.com\/2\/author\/biotechsa\/\" title=\"Posts by Biotechsa\" rel=\"author\">Biotechsa<\/a><\/span> | <span class=\"published\">septiembre 10, 2020<\/span> | <a href=\"https:\/\/biotechsa.com\/2\/category\/noticias\/\" rel=\"category tag\">Noticias<\/a> | 0 Comments<\/p><div class=\"et_pb_slide_content_body\"><p>According to a study shared by Medical News&#8230;<\/p>\n<\/div><\/div><div class=\"et_pb_button_wrapper\"><a class=\"et_pb_button et_pb_more_button\" href=\"https:\/\/biotechsa.com\/2\/noticias\/treating-covid-19-may-increase-antibiotic-resistance\/\">M\u00e1s informaci\u00f3n<\/a><\/div><\/div><\/div><\/div><\/div><div class=\"et_pb_slide et_pb_post_slide-2645\" style=\"background-image:url(https:\/\/biotechsa.com\/2\/wp-content\/uploads\/2021\/02\/US-hospitals-lost-22.3B-delaying-elective-surgeries-biotechsa.jpg)\"><div class=\"et_pb_slide_overlay_container\"><\/div><div class=\"et_pb_container clearfix\"><div class=\"et_pb_slider_container_inner\"><div class=\"et_pb_slide_description\"><h2 class=\"et_pb_slide_title\"><a href=\"https:\/\/biotechsa.com\/2\/noticias\/us-hospitals-lost-22-3b-delaying-elective-surgeries-study-estimates\/\">US hospitals lost $22.3B delaying elective surgeries, study estimates<\/a><\/h2><div class=\"et_pb_slide_content\"><p class=\"post-meta\">by <span class=\"author vcard\"><a href=\"https:\/\/biotechsa.com\/2\/author\/biotechsa\/\" title=\"Posts by Biotechsa\" rel=\"author\">Biotechsa<\/a><\/span> | <span class=\"published\">febrero 4, 2021<\/span> | <a href=\"https:\/\/biotechsa.com\/2\/category\/noticias\/\" rel=\"category tag\">Noticias<\/a> | 0 Comments<\/p><div class=\"et_pb_slide_content_body\"><p>As a result of the pandemic, a study shared by&#8230;<\/p>\n<\/div><\/div><div class=\"et_pb_button_wrapper\"><a class=\"et_pb_button et_pb_more_button\" href=\"https:\/\/biotechsa.com\/2\/noticias\/us-hospitals-lost-22-3b-delaying-elective-surgeries-study-estimates\/\">M\u00e1s informaci\u00f3n<\/a><\/div><\/div><\/div><\/div><\/div><div class=\"et_pb_slide et_pb_post_slide-10449\" style=\"background-image:url(https:\/\/biotechsa.com\/2\/wp-content\/uploads\/2025\/11\/Diabetes.webp)\"><div class=\"et_pb_slide_overlay_container\"><\/div><div class=\"et_pb_container clearfix\"><div class=\"et_pb_slider_container_inner\"><div class=\"et_pb_slide_description\"><h2 class=\"et_pb_slide_title\"><a href=\"https:\/\/biotechsa.com\/2\/noticias\/diabetes-tipo-5-causas-caracteristicas-y-a-quienes-afecta\/\">Comprendiendo la diabetes tipo 5: causas, caracter\u00edsticas y a qui\u00e9nes afecta<\/a><\/h2><div class=\"et_pb_slide_content\"><p class=\"post-meta\">by <span class=\"author vcard\"><a href=\"https:\/\/biotechsa.com\/2\/author\/paola\/\" title=\"Posts by Paola Gonz\u00e1lez\" rel=\"author\">Paola Gonz\u00e1lez<\/a><\/span> | <span class=\"published\">noviembre 24, 2025<\/span> | <a href=\"https:\/\/biotechsa.com\/2\/category\/medicina-y-salud\/\" rel=\"category tag\">Medicina y Salud<\/a>, <a href=\"https:\/\/biotechsa.com\/2\/category\/noticias\/\" rel=\"category tag\">Noticias<\/a> | 1 Comment<\/p><div class=\"et_pb_slide_content_body\"><p>La Federaci\u00f3n Internacional de Diabetes (FDI)&#8230;<\/p>\n<\/div><\/div><div class=\"et_pb_button_wrapper\"><a class=\"et_pb_button et_pb_more_button\" href=\"https:\/\/biotechsa.com\/2\/noticias\/diabetes-tipo-5-causas-caracteristicas-y-a-quienes-afecta\/\">M\u00e1s informaci\u00f3n<\/a><\/div><\/div><\/div><\/div><\/div><\/div><\/div><\/div><div class=\"et_pb_column_3 et_pb_column et_pb_column_1_2 et-last-child et_block_column et_pb_css_mix_blend_mode_passthrough\"><div class=\"et_pb_post_slider_1 et_pb_post_slider et_pb_bg_layout_dark et_pb_slider et_pb_slider_fullwidth_off et_pb_post_slider_image_background et_pb_slider_with_overlay et_pb_module et_block_module\"><div class=\"et_pb_slides\"><div class=\"et_pb_slide et_pb_slide_with_no_image et_pb_post_slide-1277\" style=\"background-image:\"><div class=\"et_pb_slide_overlay_container\"><\/div><div class=\"et_pb_container clearfix\"><div class=\"et_pb_slider_container_inner\"><div class=\"et_pb_slide_description\"><h2 class=\"et_pb_slide_title\"><a href=\"https:\/\/biotechsa.com\/2\/articulos-cientificos\/articulos-stimulan\/infeccion-articular-periprotesica\/\">Infecci\u00f3n articular periprot\u00e9sica<\/a><\/h2><div class=\"et_pb_slide_content\"><p class=\"post-meta\">by <span class=\"author vcard\"><a href=\"https:\/\/biotechsa.com\/2\/author\/biotechsa\/\" title=\"Posts by Biotechsa\" rel=\"author\">Biotechsa<\/a><\/span> | <span class=\"published\">mayo 7, 2020<\/span> | <a href=\"https:\/\/biotechsa.com\/2\/category\/articulos-cientificos\/\" rel=\"category tag\">Art\u00edculos Cient\u00edficos<\/a>, <a href=\"https:\/\/biotechsa.com\/2\/category\/articulos-cientificos\/articulos-stimulan\/\" rel=\"category tag\">Art\u00edculos STIMULAN<\/a> | 0 Comments<\/p><div class=\"et_pb_slide_content_body\"><p>Infecciones_Periprotesicas_Imp&#8230;<\/p>\n<\/div><\/div><div class=\"et_pb_button_wrapper\"><a class=\"et_pb_button et_pb_more_button\" href=\"https:\/\/biotechsa.com\/2\/articulos-cientificos\/articulos-stimulan\/infeccion-articular-periprotesica\/\">Read More<\/a><\/div><\/div><\/div><\/div><\/div><div class=\"et_pb_slide et_pb_post_slide-8119\" style=\"background-image:url(https:\/\/biotechsa.com\/2\/wp-content\/uploads\/2024\/11\/Petri.png)\"><div class=\"et_pb_slide_overlay_container\"><\/div><div class=\"et_pb_container clearfix\"><div class=\"et_pb_slider_container_inner\"><div class=\"et_pb_slide_description\"><h2 class=\"et_pb_slide_title\"><a href=\"https:\/\/biotechsa.com\/2\/articulos-cientificos\/articulos-stimulan\/tratamiento-de-infecciones-relacionadas-con-biofilm-stimulan\/\">Evaluaci\u00f3n del tratamiento de infecciones relacionadas con el biofilm por medio de perlas de sulfato de calcio<\/a><\/h2><div class=\"et_pb_slide_content\"><p class=\"post-meta\">by <span class=\"author vcard\"><a href=\"https:\/\/biotechsa.com\/2\/author\/biotechsa\/\" title=\"Posts by Biotechsa\" rel=\"author\">Biotechsa<\/a><\/span> | <span class=\"published\">noviembre 22, 2024<\/span> | <a href=\"https:\/\/biotechsa.com\/2\/category\/articulos-cientificos\/\" rel=\"category tag\">Art\u00edculos Cient\u00edficos<\/a>, <a href=\"https:\/\/biotechsa.com\/2\/category\/articulos-cientificos\/articulos-stimulan\/\" rel=\"category tag\">Art\u00edculos STIMULAN<\/a> | 0 Comments<\/p><div class=\"et_pb_slide_content_body\"><p>El uso de sistemas de&#8230;<\/p>\n<\/div><\/div><div class=\"et_pb_button_wrapper\"><a class=\"et_pb_button et_pb_more_button\" href=\"https:\/\/biotechsa.com\/2\/articulos-cientificos\/articulos-stimulan\/tratamiento-de-infecciones-relacionadas-con-biofilm-stimulan\/\">Read More<\/a><\/div><\/div><\/div><\/div><\/div><div class=\"et_pb_slide et_pb_post_slide-2522\" style=\"background-image:url(https:\/\/biotechsa.com\/2\/wp-content\/uploads\/2021\/01\/A-new-method-of-treating-patients-with-diabetic-foot-ulcers-and-osteomyelitis-using-antibiotic-impregnated-calcium-sulfate.png)\"><div class=\"et_pb_slide_overlay_container\"><\/div><div class=\"et_pb_container clearfix\"><div class=\"et_pb_slider_container_inner\"><div class=\"et_pb_slide_description\"><h2 class=\"et_pb_slide_title\"><a href=\"https:\/\/biotechsa.com\/2\/articulos-cientificos\/articulos-stimulan\/a-new-method-of-treating-patients-with-diabetic-foot-ulcers-and-osteomyelitis-using-antibiotic-impregnated-calcium-sulphate-2\/\">A new method of treating patients with diabetic foot ulcers and osteomyelitis using antibiotic impregnated calcium sulphate<\/a><\/h2><div class=\"et_pb_slide_content\"><p class=\"post-meta\">by <span class=\"author vcard\"><a href=\"https:\/\/biotechsa.com\/2\/author\/biotechsa\/\" title=\"Posts by Biotechsa\" rel=\"author\">Biotechsa<\/a><\/span> | <span class=\"published\">enero 20, 2021<\/span> | <a href=\"https:\/\/biotechsa.com\/2\/category\/articulos-cientificos\/\" rel=\"category tag\">Art\u00edculos Cient\u00edficos<\/a>, <a href=\"https:\/\/biotechsa.com\/2\/category\/articulos-cientificos\/articulos-stimulan\/\" rel=\"category tag\">Art\u00edculos STIMULAN<\/a> | 0 Comments<\/p><div class=\"et_pb_slide_content_body\"><p>A-new-method-of-treating-patie&#8230;<\/p>\n<\/div><\/div><div class=\"et_pb_button_wrapper\"><a class=\"et_pb_button et_pb_more_button\" href=\"https:\/\/biotechsa.com\/2\/articulos-cientificos\/articulos-stimulan\/a-new-method-of-treating-patients-with-diabetic-foot-ulcers-and-osteomyelitis-using-antibiotic-impregnated-calcium-sulphate-2\/\">Read More<\/a><\/div><\/div><\/div><\/div><\/div><div class=\"et_pb_slide et_pb_post_slide-5291\" style=\"background-image:url(https:\/\/biotechsa.com\/2\/wp-content\/uploads\/2022\/07\/Manejo-local-de-la-Osteomielitis-en-las-Extremidades-Inferiores-con-Desbridamiento-Quirurgico-y-Perlas-de-Sulfato-de-Calcio-Sintetico-biotechsa.png)\"><div class=\"et_pb_slide_overlay_container\"><\/div><div class=\"et_pb_container clearfix\"><div class=\"et_pb_slider_container_inner\"><div class=\"et_pb_slide_description\"><h2 class=\"et_pb_slide_title\"><a href=\"https:\/\/biotechsa.com\/2\/articulos-cientificos\/articulos-stimulan\/manejo-local-de-la-osteomielitis-en-las-extremidades-inferiores-con-desbridamiento-quirurgico-y-perlas-de-sulfato-de-calcio-sintetico\/\">Manejo local de la Osteomielitis en las Extremidades Inferiores con Desbridamiento Quir\u00fargico y Perlas de Sulfato de Calcio Sint\u00e9tico<\/a><\/h2><div class=\"et_pb_slide_content\"><p class=\"post-meta\">by <span class=\"author vcard\"><a href=\"https:\/\/biotechsa.com\/2\/author\/biotechsa\/\" title=\"Posts by Biotechsa\" rel=\"author\">Biotechsa<\/a><\/span> | <span class=\"published\">julio 13, 2022<\/span> | <a href=\"https:\/\/biotechsa.com\/2\/category\/articulos-cientificos\/articulos-stimulan\/\" rel=\"category tag\">Art\u00edculos STIMULAN<\/a>, <a href=\"https:\/\/biotechsa.com\/2\/category\/articulos-cientificos\/\" rel=\"category tag\">Art\u00edculos Cient\u00edficos<\/a> | 0 Comments<\/p><div class=\"et_pb_slide_content_body\"><p>Manejo-local-de-la-Osteomielit&#8230;<\/p>\n<\/div><\/div><div class=\"et_pb_button_wrapper\"><a class=\"et_pb_button et_pb_more_button\" href=\"https:\/\/biotechsa.com\/2\/articulos-cientificos\/articulos-stimulan\/manejo-local-de-la-osteomielitis-en-las-extremidades-inferiores-con-desbridamiento-quirurgico-y-perlas-de-sulfato-de-calcio-sintetico\/\">Read More<\/a><\/div><\/div><\/div><\/div><\/div><div class=\"et_pb_slide et_pb_post_slide-5487\" style=\"background-image:url(https:\/\/biotechsa.com\/2\/wp-content\/uploads\/2022\/08\/BLOG-WEB-4.png)\"><div class=\"et_pb_slide_overlay_container\"><\/div><div class=\"et_pb_container clearfix\"><div class=\"et_pb_slider_container_inner\"><div class=\"et_pb_slide_description\"><h2 class=\"et_pb_slide_title\"><a href=\"https:\/\/biotechsa.com\/2\/articulos-cientificos\/articulos-stimulan\/journal-pre-prueba-disminucion-de-la-incidencia-de-infecciones-articulares-periprotesicas-agudas-con-microesferas-de-sulfato-de-calcio-cargadas-con-vancomicina-en-pacientes-con-factores-de-riesgo-no\/\">Disminuci\u00f3n de la incidencia de infecciones articulares periprot\u00e9sicas agudas con microesferas de sulfato de calcio cargadas con vancomicina en pacientes con factores de riesgo no modificables. Un ensayo cl\u00ednico aleatorizado<\/a><\/h2><div class=\"et_pb_slide_content\"><p class=\"post-meta\">by <span class=\"author vcard\"><a href=\"https:\/\/biotechsa.com\/2\/author\/biotechsa\/\" title=\"Posts by Biotechsa\" rel=\"author\">Biotechsa<\/a><\/span> | <span class=\"published\">agosto 24, 2022<\/span> | <a href=\"https:\/\/biotechsa.com\/2\/category\/articulos-cientificos\/articulos-stimulan\/\" rel=\"category tag\">Art\u00edculos STIMULAN<\/a>, <a href=\"https:\/\/biotechsa.com\/2\/category\/articulos-cientificos\/\" rel=\"category tag\">Art\u00edculos Cient\u00edficos<\/a> | 0 Comments<\/p><div class=\"et_pb_slide_content_body\"><p>Julio Carlos V\u00e9lez de&#8230;<\/p>\n<\/div><\/div><div class=\"et_pb_button_wrapper\"><a class=\"et_pb_button et_pb_more_button\" href=\"https:\/\/biotechsa.com\/2\/articulos-cientificos\/articulos-stimulan\/journal-pre-prueba-disminucion-de-la-incidencia-de-infecciones-articulares-periprotesicas-agudas-con-microesferas-de-sulfato-de-calcio-cargadas-con-vancomicina-en-pacientes-con-factores-de-riesgo-no\/\">Read More<\/a><\/div><\/div><\/div><\/div><\/div><div class=\"et_pb_slide et_pb_post_slide-4619\" style=\"background-image:url(https:\/\/biotechsa.com\/2\/wp-content\/uploads\/2022\/05\/IMAGEN-BLOG.png)\"><div class=\"et_pb_slide_overlay_container\"><\/div><div class=\"et_pb_container clearfix\"><div class=\"et_pb_slider_container_inner\"><div class=\"et_pb_slide_description\"><h2 class=\"et_pb_slide_title\"><a href=\"https:\/\/biotechsa.com\/2\/articulos-cientificos\/articulos-stimulan\/profilaxis-con-perlas-de-antibioticos-absorbibles-en-la-reconstruccion-mamaria-inmediata\/\">Profilaxis con perlas de antibi\u00f3ticos absorbibles en la reconstrucci\u00f3n mamaria inmediata<\/a><\/h2><div class=\"et_pb_slide_content\"><p class=\"post-meta\">by <span class=\"author vcard\"><a href=\"https:\/\/biotechsa.com\/2\/author\/biotechsa\/\" title=\"Posts by Biotechsa\" rel=\"author\">Biotechsa<\/a><\/span> | <span class=\"published\">mayo 6, 2022<\/span> | <a href=\"https:\/\/biotechsa.com\/2\/category\/articulos-cientificos\/articulos-stimulan\/\" rel=\"category tag\">Art\u00edculos STIMULAN<\/a>, <a href=\"https:\/\/biotechsa.com\/2\/category\/articulos-cientificos\/\" rel=\"category tag\">Art\u00edculos Cient\u00edficos<\/a> | 0 Comments<\/p><div class=\"et_pb_slide_content_body\"><p>Profilaxis-con-perlas-de-antib&#8230;<\/p>\n<\/div><\/div><div class=\"et_pb_button_wrapper\"><a class=\"et_pb_button et_pb_more_button\" href=\"https:\/\/biotechsa.com\/2\/articulos-cientificos\/articulos-stimulan\/profilaxis-con-perlas-de-antibioticos-absorbibles-en-la-reconstruccion-mamaria-inmediata\/\">Read More<\/a><\/div><\/div><\/div><\/div><\/div><div class=\"et_pb_slide et_pb_post_slide-5532\" style=\"background-image:url(https:\/\/biotechsa.com\/2\/wp-content\/uploads\/2022\/09\/Disminucion-de-la-incidencia-de-infecciones-articulares-periprotesicas-agudas-con-microesferas-de-sulfato-de-calcio-cargadas-con-vancomicina-en-pacientes-con-factore-biotech.png)\"><div class=\"et_pb_slide_overlay_container\"><\/div><div class=\"et_pb_container clearfix\"><div class=\"et_pb_slider_container_inner\"><div class=\"et_pb_slide_description\"><h2 class=\"et_pb_slide_title\"><a href=\"https:\/\/biotechsa.com\/2\/articulos-cientificos\/articulos-stimulan\/disminucion-de-la-incidencia-de-infecciones-articulares-periprotesicas-agudas-con-microesferas-de-sulfato-de-calcio-cargadas-con-vancomicina-en-pacientes-con-factores-de-riesgo-no-modificables-un-ens\/\">Disminuci\u00f3n de la incidencia de infecciones articulares periprot\u00e9sicas agudas con microesferas de sulfato de calcio cargadas con vancomicina en pacientes con factores de riesgo no modificables. Un ensayo cl\u00ednico aleatorizado<\/a><\/h2><div class=\"et_pb_slide_content\"><p class=\"post-meta\">by <span class=\"author vcard\"><a href=\"https:\/\/biotechsa.com\/2\/author\/biotechsa\/\" title=\"Posts by Biotechsa\" rel=\"author\">Biotechsa<\/a><\/span> | <span class=\"published\">septiembre 1, 2022<\/span> | <a href=\"https:\/\/biotechsa.com\/2\/category\/articulos-cientificos\/articulos-stimulan\/\" rel=\"category tag\">Art\u00edculos STIMULAN<\/a>, <a href=\"https:\/\/biotechsa.com\/2\/category\/articulos-cientificos\/\" rel=\"category tag\">Art\u00edculos Cient\u00edficos<\/a> | 0 Comments<\/p><div class=\"et_pb_slide_content_body\"><p>Julio Carlos V\u00e9lez de&#8230;<\/p>\n<\/div><\/div><div class=\"et_pb_button_wrapper\"><a class=\"et_pb_button et_pb_more_button\" href=\"https:\/\/biotechsa.com\/2\/articulos-cientificos\/articulos-stimulan\/disminucion-de-la-incidencia-de-infecciones-articulares-periprotesicas-agudas-con-microesferas-de-sulfato-de-calcio-cargadas-con-vancomicina-en-pacientes-con-factores-de-riesgo-no-modificables-un-ens\/\">Read More<\/a><\/div><\/div><\/div><\/div><\/div><div class=\"et_pb_slide et_pb_post_slide-5198\" style=\"background-image:url(https:\/\/biotechsa.com\/2\/wp-content\/uploads\/2022\/06\/IMAGEN-stimulan-antibioticos-biotechsa.png)\"><div class=\"et_pb_slide_overlay_container\"><\/div><div class=\"et_pb_container clearfix\"><div class=\"et_pb_slider_container_inner\"><div class=\"et_pb_slide_description\"><h2 class=\"et_pb_slide_title\"><a href=\"https:\/\/biotechsa.com\/2\/articulos-cientificos\/articulos-stimulan\/estabilidad-de-antibioticos-en-un-portador-de-sulfato-de-calcio-sintetico-para-administracion-local\/\">Estabilidad de antibi\u00f3ticos en un portador de sulfato de calcio sint\u00e9tico para administraci\u00f3n local<\/a><\/h2><div class=\"et_pb_slide_content\"><p class=\"post-meta\">by <span class=\"author vcard\"><a href=\"https:\/\/biotechsa.com\/2\/author\/biotechsa\/\" title=\"Posts by Biotechsa\" rel=\"author\">Biotechsa<\/a><\/span> | <span class=\"published\">junio 14, 2022<\/span> | <a href=\"https:\/\/biotechsa.com\/2\/category\/articulos-cientificos\/articulos-stimulan\/\" rel=\"category tag\">Art\u00edculos STIMULAN<\/a>, <a href=\"https:\/\/biotechsa.com\/2\/category\/articulos-cientificos\/\" rel=\"category tag\">Art\u00edculos Cient\u00edficos<\/a> | 0 Comments<\/p><div class=\"et_pb_slide_content_body\"><p>Estabilidad-de-antibioticos-en&#8230;<\/p>\n<\/div><\/div><div class=\"et_pb_button_wrapper\"><a class=\"et_pb_button et_pb_more_button\" href=\"https:\/\/biotechsa.com\/2\/articulos-cientificos\/articulos-stimulan\/estabilidad-de-antibioticos-en-un-portador-de-sulfato-de-calcio-sintetico-para-administracion-local\/\">Read More<\/a><\/div><\/div><\/div><\/div><\/div><div class=\"et_pb_slide et_pb_post_slide-8005\" style=\"background-image:url(https:\/\/biotechsa.com\/2\/wp-content\/uploads\/2024\/10\/Fractura-intertrocantereas-femorales-inestables.png)\"><div class=\"et_pb_slide_overlay_container\"><\/div><div class=\"et_pb_container clearfix\"><div class=\"et_pb_slider_container_inner\"><div class=\"et_pb_slide_description\"><h2 class=\"et_pb_slide_title\"><a href=\"https:\/\/biotechsa.com\/2\/articulos-cientificos\/articulos-genex\/la-aplicacion-de-genex-para-el-tratamiento-de-fracturas-intertrocantericas-osteoporoticas\/\">La aplicaci\u00f3n de GeneX para tratar fracturas intertrocant\u00e9ricas osteopor\u00f3ticas<\/a><\/h2><div class=\"et_pb_slide_content\"><p class=\"post-meta\">by <span class=\"author vcard\"><a href=\"https:\/\/biotechsa.com\/2\/author\/biotechsa\/\" title=\"Posts by Biotechsa\" rel=\"author\">Biotechsa<\/a><\/span> | <span class=\"published\">octubre 4, 2024<\/span> | <a href=\"https:\/\/biotechsa.com\/2\/category\/articulos-cientificos\/\" rel=\"category tag\">Art\u00edculos Cient\u00edficos<\/a>, <a href=\"https:\/\/biotechsa.com\/2\/category\/articulos-cientificos\/articulos-genex\/\" rel=\"category tag\">Art\u00edculos Genex<\/a> | 0 Comments<\/p><div class=\"et_pb_slide_content_body\"><p>Este estudio evalu\u00f3 la&#8230;<\/p>\n<\/div><\/div><div class=\"et_pb_button_wrapper\"><a class=\"et_pb_button et_pb_more_button\" href=\"https:\/\/biotechsa.com\/2\/articulos-cientificos\/articulos-genex\/la-aplicacion-de-genex-para-el-tratamiento-de-fracturas-intertrocantericas-osteoporoticas\/\">Read More<\/a><\/div><\/div><\/div><\/div><\/div><div class=\"et_pb_slide et_pb_post_slide-5187\" style=\"background-image:url(https:\/\/biotechsa.com\/2\/wp-content\/uploads\/2022\/06\/Matriz-osea-de-aloinjerto-en-comparacion-con-sustitutos-de-injerto-oseo-sintetico-blog-biotechsa.png)\"><div class=\"et_pb_slide_overlay_container\"><\/div><div class=\"et_pb_container clearfix\"><div class=\"et_pb_slider_container_inner\"><div class=\"et_pb_slide_description\"><h2 class=\"et_pb_slide_title\"><a href=\"https:\/\/biotechsa.com\/2\/articulos-cientificos\/articulos-genex\/matriz-osea-de-aloinjerto-en-comparacion-con-sustitutos-de-injerto-oseo-sintetico\/\">Matriz \u00f3sea de aloinjerto en comparaci\u00f3n con sustitutos de injerto \u00f3seo sint\u00e9tico<\/a><\/h2><div class=\"et_pb_slide_content\"><p class=\"post-meta\">by <span class=\"author vcard\"><a href=\"https:\/\/biotechsa.com\/2\/author\/biotechsa\/\" title=\"Posts by Biotechsa\" rel=\"author\">Biotechsa<\/a><\/span> | <span class=\"published\">junio 9, 2022<\/span> | <a href=\"https:\/\/biotechsa.com\/2\/category\/articulos-cientificos\/articulos-genex\/\" rel=\"category tag\">Art\u00edculos Genex<\/a>, <a href=\"https:\/\/biotechsa.com\/2\/category\/articulos-cientificos\/\" rel=\"category tag\">Art\u00edculos Cient\u00edficos<\/a> | 0 Comments<\/p><div class=\"et_pb_slide_content_body\"><p>Matriz-osea-de-aloinjerto-en-c&#8230;<\/p>\n<\/div><\/div><div class=\"et_pb_button_wrapper\"><a class=\"et_pb_button et_pb_more_button\" href=\"https:\/\/biotechsa.com\/2\/articulos-cientificos\/articulos-genex\/matriz-osea-de-aloinjerto-en-comparacion-con-sustitutos-de-injerto-oseo-sintetico\/\">Read More<\/a><\/div><\/div><\/div><\/div><\/div><\/div><\/div><\/div><\/div><\/div>","protected":false},"excerpt":{"rendered":"","protected":false},"author":2,"featured_media":1342,"comment_status":"open","ping_status":"open","sticky":false,"template":"","format":"standard","meta":{"footnotes":""},"categories":[25],"tags":[],"class_list":["post-1340","post","type-post","status-publish","format-standard","has-post-thumbnail","hentry","category-noticias"],"_links":{"self":[{"href":"https:\/\/biotechsa.com\/2\/wp-json\/wp\/v2\/posts\/1340","targetHints":{"allow":["GET"]}}],"collection":[{"href":"https:\/\/biotechsa.com\/2\/wp-json\/wp\/v2\/posts"}],"about":[{"href":"https:\/\/biotechsa.com\/2\/wp-json\/wp\/v2\/types\/post"}],"author":[{"embeddable":true,"href":"https:\/\/biotechsa.com\/2\/wp-json\/wp\/v2\/users\/2"}],"replies":[{"embeddable":true,"href":"https:\/\/biotechsa.com\/2\/wp-json\/wp\/v2\/comments?post=1340"}],"version-history":[{"count":1,"href":"https:\/\/biotechsa.com\/2\/wp-json\/wp\/v2\/posts\/1340\/revisions"}],"predecessor-version":[{"id":11133,"href":"https:\/\/biotechsa.com\/2\/wp-json\/wp\/v2\/posts\/1340\/revisions\/11133"}],"wp:featuredmedia":[{"embeddable":true,"href":"https:\/\/biotechsa.com\/2\/wp-json\/wp\/v2\/media\/1342"}],"wp:attachment":[{"href":"https:\/\/biotechsa.com\/2\/wp-json\/wp\/v2\/media?parent=1340"}],"wp:term":[{"taxonomy":"category","embeddable":true,"href":"https:\/\/biotechsa.com\/2\/wp-json\/wp\/v2\/categories?post=1340"},{"taxonomy":"post_tag","embeddable":true,"href":"https:\/\/biotechsa.com\/2\/wp-json\/wp\/v2\/tags?post=1340"}],"curies":[{"name":"wp","href":"https:\/\/api.w.org\/{rel}","templated":true}]}}