{"id":10431,"date":"2025-11-18T11:29:14","date_gmt":"2025-11-18T17:29:14","guid":{"rendered":"https:\/\/biotechsa.com\/2\/?p=10431"},"modified":"2025-11-18T11:29:21","modified_gmt":"2025-11-18T17:29:21","slug":"cuando-la-diabetes-afecta-las-emociones","status":"publish","type":"post","link":"https:\/\/biotechsa.com\/2\/noticias\/cuando-la-diabetes-afecta-las-emociones\/","title":{"rendered":"Cuando la diabetes afecta las emociones: qu\u00e9 es el distr\u00e9s diab\u00e9tico"},"content":{"rendered":"\n<p>La relaci\u00f3n entre la diabetes y la salud emocional ha cobrado mayor relevancia en los \u00faltimos a\u00f1os. De acuerdo con la revista <a href=\"https:\/\/internationaldiabetesnursing.org\/index.php\/idn\" target=\"_blank\" rel=\"noopener\">International Diabetes Nursing<\/a>, uno de cada cuatro adultos con diabetes tipo 1 y tipo 2 experimenta niveles elevados de angustia por diabetes.<\/p>\n\n\n\n<p>El distr\u00e9s o angustia por diabetes se define como experiencias emocionales negativas que resultan del desaf\u00edo de vivir con esta enfermedad.<\/p>\n\n\n\n<h3 class=\"wp-block-heading\"><strong>Un impacto en el manejo de la diabetes<\/strong><\/h3>\n\n\n\n<p>Investigaciones recientes se\u00f1alan que los niveles de angustia incrementan durante el diagn\u00f3stico seguido de la carga de autocuidado y el temor de desarrollar complicaciones a largo plazo. Otros factores que afectan son los sociales, como estigmas o discriminaci\u00f3n y econ\u00f3micos, como las implicaciones financieras para llevar un tratamiento. La intensidad del distr\u00e9s&nbsp;<\/p>\n\n\n\n<p>Cuando esta carga emocional es persistente se genera un agotamiento f\u00edsico y mental llamado \u2018<em>burnout diab\u00e9tico<\/em>\u2019, el cual provoca desinter\u00e9s en el autocuidado y seguimiento del tratamiento, dando pauta a mayor prevalencia de comorbilidades y disminuci\u00f3n en la calidad de vida.&nbsp;<\/p>\n\n\n\n<h3 class=\"wp-block-heading\"><strong>C\u00f3mo identificarlo<\/strong><\/h3>\n\n\n\n<p>La <a href=\"https:\/\/professional.diabetes.org\/professional-development\/behavioral-mental-health\/MentalHealthWorkbook\" target=\"_blank\" rel=\"noopener\">Asociaci\u00f3n Americana de Diabetes<\/a> recomienda el uso de herramientas como la escala <em><a href=\"https:\/\/professional.diabetes.org\/sites\/default\/files\/media\/ada_mental_health_toolkit_questionnaires.pdf\" target=\"_blank\" rel=\"noopener\">Problem Areas In Diabetes<\/a><\/em> (PAID, \u00c1reas Problem\u00e1ticas en la Diabetes), respaldada por m\u00e1s de 60 art\u00edculos cient\u00edficos y\u00a0la <a href=\"https:\/\/behavioraldiabetes.org\/wp-content\/uploads\/2024\/12\/DDS17_AU1.0_spa-ES.pdf\" target=\"_blank\" rel=\"noopener\"><em>Diabetes Distress Scale<\/em> (DDS-17)<\/a>. Ambas permiten identificar las \u00e1reas donde existe mayor carga emocional y ayudan al equipo de salud a determinar el tipo de tratamiento y seguimiento necesarios.<\/p>\n\n\n\n<figure class=\"wp-block-image size-large\"><img loading=\"lazy\" decoding=\"async\" width=\"1024\" height=\"683\" src=\"https:\/\/biotechsa.com\/2\/wp-content\/uploads\/2025\/11\/Diabetes-Distress-2-1024x683.webp\" alt=\"Diabetes Distress\" class=\"wp-image-10434\" srcset=\"https:\/\/biotechsa.com\/2\/wp-content\/uploads\/2025\/11\/Diabetes-Distress-2-1024x683.webp 1024w, https:\/\/biotechsa.com\/2\/wp-content\/uploads\/2025\/11\/Diabetes-Distress-2-980x653.webp 980w, https:\/\/biotechsa.com\/2\/wp-content\/uploads\/2025\/11\/Diabetes-Distress-2-480x320.webp 480w\" sizes=\"(min-width: 0px) and (max-width: 480px) 480px, (min-width: 481px) and (max-width: 980px) 980px, (min-width: 981px) 1024px, 100vw\" \/><\/figure>\n\n\n\n<h3 class=\"wp-block-heading\"><strong>Un enfoque integrado en la atenci\u00f3n<\/strong><\/h3>\n\n\n\n<p>Adem\u00e1s de las gu\u00edas recomendadas la comunicaci\u00f3n continua y el acompa\u00f1amiento integral son fundamentales para evitar que las personas enfrenten esta carga emocional de manera aislada, especialmente cuando la angustia interfiere con las tareas b\u00e1sicas de autocuidado.<\/p>\n\n\n\n<p>La Asociaci\u00f3n Americana de Diabetes recomienda al personal de salud aplicar el modelo de las 7 A\u2019s para evaluar y abordar la angustia por diabetes en pacientes:<\/p>\n\n\n\n<ul class=\"wp-block-list\">\n<li><em><strong>Aware:<\/strong><\/em> reconocer que las personas con diabetes pueden experimentar angustia.<\/li>\n\n\n\n<li><em><strong>Ask:<\/strong><\/em> preguntar de manera abierta sobre sus emociones y preocupaciones.<\/li>\n\n\n\n<li><em><strong>Assess:<\/strong><\/em> evaluar el nivel de angustia utilizando herramientas validadas como PAID o DDS.<\/li>\n\n\n\n<li><em><strong>Advise:<\/strong><\/em> explicar qu\u00e9 es la angustia por diabetes y sus posibles implicaciones.<\/li>\n\n\n\n<li><strong><em>Assist:<\/em><\/strong> colaborar con el paciente para desarrollar un plan de acci\u00f3n.<\/li>\n\n\n\n<li><strong><em>Assign:<\/em><\/strong> referir a otro profesional de salud cuando sea necesario.<\/li>\n\n\n\n<li><strong><em>Arrange:<\/em><\/strong> programar seguimiento para monitorear cambios y ajustar el plan.<\/li>\n<\/ul>\n\n\n\n<h3 class=\"wp-block-heading\"><strong>Angustia por diabetes no es depresi\u00f3n<\/strong><\/h3>\n\n\n\n<p>Aunque la angustia por diabetes suele confundirse con la depresi\u00f3n, son fen\u00f3menos distintos. La depresi\u00f3n puede coexistir, pero es independiente y requiere un abordaje cl\u00ednico diferente. Por su parte, la angustia y el burnout por diabetes suelen ser situacionales y responden principalmente a periodos de estr\u00e9s o sobrecarga por el autocuidado.<\/p>\n\n\n\n<p>Seguir las recomendaciones de los especialistas de los Centros para el Control y la Prevenci\u00f3n de Enfermedades de Estados Unidos es clave para sobrellevar o evitar los efectos del distr\u00e9s diab\u00e9tico, desde prestar atenci\u00f3n a los sentimientos, buscar grupos de apoyo, mantener una comunicaci\u00f3n constante con los m\u00e9dicos tratantes y permitir la ayuda de seres queridos contribuir\u00e1n a mejorar la calidad de vida.&nbsp;<\/p>\n\n\n\n<p>Explora m\u00e1s <a href=\"https:\/\/biotechsa.com\/2\/medicina-y-salud\/\">contenido<\/a> sobre salud, tratamientos y prevenci\u00f3n.<\/p>\n","protected":false},"excerpt":{"rendered":"<p>La relaci\u00f3n entre la diabetes y la salud emocional ha cobrado mayor relevancia en los \u00faltimos a\u00f1os. De acuerdo con la revista International Diabetes Nursing, uno de cada cuatro adultos [&hellip;]<\/p>\n","protected":false},"author":136,"featured_media":10433,"comment_status":"open","ping_status":"open","sticky":false,"template":"","format":"standard","meta":{"footnotes":""},"categories":[164,25],"tags":[243,226,242],"class_list":["post-10431","post","type-post","status-publish","format-standard","has-post-thumbnail","hentry","category-medicina-y-salud","category-noticias","tag-burn-out-diabetico","tag-diabetes","tag-distres-diabetico"],"_links":{"self":[{"href":"https:\/\/biotechsa.com\/2\/wp-json\/wp\/v2\/posts\/10431","targetHints":{"allow":["GET"]}}],"collection":[{"href":"https:\/\/biotechsa.com\/2\/wp-json\/wp\/v2\/posts"}],"about":[{"href":"https:\/\/biotechsa.com\/2\/wp-json\/wp\/v2\/types\/post"}],"author":[{"embeddable":true,"href":"https:\/\/biotechsa.com\/2\/wp-json\/wp\/v2\/users\/136"}],"replies":[{"embeddable":true,"href":"https:\/\/biotechsa.com\/2\/wp-json\/wp\/v2\/comments?post=10431"}],"version-history":[{"count":2,"href":"https:\/\/biotechsa.com\/2\/wp-json\/wp\/v2\/posts\/10431\/revisions"}],"predecessor-version":[{"id":10436,"href":"https:\/\/biotechsa.com\/2\/wp-json\/wp\/v2\/posts\/10431\/revisions\/10436"}],"wp:featuredmedia":[{"embeddable":true,"href":"https:\/\/biotechsa.com\/2\/wp-json\/wp\/v2\/media\/10433"}],"wp:attachment":[{"href":"https:\/\/biotechsa.com\/2\/wp-json\/wp\/v2\/media?parent=10431"}],"wp:term":[{"taxonomy":"category","embeddable":true,"href":"https:\/\/biotechsa.com\/2\/wp-json\/wp\/v2\/categories?post=10431"},{"taxonomy":"post_tag","embeddable":true,"href":"https:\/\/biotechsa.com\/2\/wp-json\/wp\/v2\/tags?post=10431"}],"curies":[{"name":"wp","href":"https:\/\/api.w.org\/{rel}","templated":true}]}}